{"id":3668,"date":"2023-12-03T23:32:29","date_gmt":"2023-12-03T23:32:29","guid":{"rendered":"https:\/\/trayectoriadeportiva.com\/index.php\/2023\/12\/03\/puntos-de-inflexion\/"},"modified":"2023-12-03T23:32:29","modified_gmt":"2023-12-03T23:32:29","slug":"puntos-de-inflexion","status":"publish","type":"post","link":"https:\/\/trayectoriadeportiva.com\/index.php\/2023\/12\/03\/puntos-de-inflexion\/","title":{"rendered":"Puntos de inflexi\u00f3n"},"content":{"rendered":"<p>Ayer por la tarde actu\u00f3 en el Auditori de Barcelona el Calefax Reed Quintet, que interpret\u00f3 obras del compositor neerland\u00e9s Johan de Meij. El concierto debi\u00f3 de acabar poco antes de que empezara el Bar\u00e7a-Atl\u00e9tico de Madrid. Se interpret\u00f3 el concierto grosso para quinteto de viento y orquesta Un momento dado que homenajea y reinterpreta musicalmente la figura de Johan Cruyff. Me imagino a los m\u00fasicos holandeses viendo el partido en un bar, disfrutando de la partitura que el Bar\u00e7a interpret\u00f3 en Montju\u00efc.<\/p>\n<p><a href=\"https:\/\/www.lavanguardia.com\/deportes\/20231204\/9423690\/puntos-inflexion.html\">Seguir leyendo&#8230;<\/a><\/p>","protected":false},"excerpt":{"rendered":"<p>Ayer por la tarde actu\u00f3 en el Auditori de Barcelona el Calefax Reed Quintet, que interpret\u00f3 obras del compositor neerland\u00e9s Johan de Meij. El concierto debi\u00f3 de acabar poco antes de que empezara el Bar\u00e7a-Atl\u00e9tico de Madrid. Se interpret\u00f3 el concierto grosso para quinteto de viento y orquesta Un momento dado que homenajea y reinterpreta [&hellip;]<\/p>\n","protected":false},"author":0,"featured_media":3669,"comment_status":"","ping_status":"","sticky":false,"template":"","format":"standard","meta":{"_et_pb_use_builder":"","_et_pb_old_content":"","_et_gb_content_width":"","footnotes":""},"categories":[1],"tags":[],"class_list":["post-3668","post","type-post","status-publish","format-standard","has-post-thumbnail","hentry","category-blog","et-has-post-format-content","et_post_format-et-post-format-standard"],"_links":{"self":[{"href":"https:\/\/trayectoriadeportiva.com\/index.php\/wp-json\/wp\/v2\/posts\/3668","targetHints":{"allow":["GET"]}}],"collection":[{"href":"https:\/\/trayectoriadeportiva.com\/index.php\/wp-json\/wp\/v2\/posts"}],"about":[{"href":"https:\/\/trayectoriadeportiva.com\/index.php\/wp-json\/wp\/v2\/types\/post"}],"replies":[{"embeddable":true,"href":"https:\/\/trayectoriadeportiva.com\/index.php\/wp-json\/wp\/v2\/comments?post=3668"}],"version-history":[{"count":0,"href":"https:\/\/trayectoriadeportiva.com\/index.php\/wp-json\/wp\/v2\/posts\/3668\/revisions"}],"wp:featuredmedia":[{"embeddable":true,"href":"https:\/\/trayectoriadeportiva.com\/index.php\/wp-json\/wp\/v2\/media\/3669"}],"wp:attachment":[{"href":"https:\/\/trayectoriadeportiva.com\/index.php\/wp-json\/wp\/v2\/media?parent=3668"}],"wp:term":[{"taxonomy":"category","embeddable":true,"href":"https:\/\/trayectoriadeportiva.com\/index.php\/wp-json\/wp\/v2\/categories?post=3668"},{"taxonomy":"post_tag","embeddable":true,"href":"https:\/\/trayectoriadeportiva.com\/index.php\/wp-json\/wp\/v2\/tags?post=3668"}],"curies":[{"name":"wp","href":"https:\/\/api.w.org\/{rel}","templated":true}]}}