{"id":3780,"date":"2023-12-06T14:52:33","date_gmt":"2023-12-06T14:52:33","guid":{"rendered":"https:\/\/trayectoriadeportiva.com\/index.php\/2023\/12\/06\/michel-responde-a-aleix-garcia-tras-decir-que-le-gustaria-jugar-en-el-barca-se-equivoca\/"},"modified":"2023-12-06T14:52:33","modified_gmt":"2023-12-06T14:52:33","slug":"michel-responde-a-aleix-garcia-tras-decir-que-le-gustaria-jugar-en-el-barca-se-equivoca","status":"publish","type":"post","link":"https:\/\/trayectoriadeportiva.com\/index.php\/2023\/12\/06\/michel-responde-a-aleix-garcia-tras-decir-que-le-gustaria-jugar-en-el-barca-se-equivoca\/","title":{"rendered":"M\u00edchel responde a Aleix Garcia tras decir que le gustar\u00eda jugar en el Bar\u00e7a: &#8220;Se equivoca&#8221;"},"content":{"rendered":"<p>Aleix Garcia es el l\u00edder del Girona de M\u00edchel. Es tambi\u00e9n el centrocampista total,<a href=\"https:\/\/www.lavanguardia.com\/deportes\/futbol\/20231111\/9369352\/aleix-garcia-primero-girona-espana.html\" title=\"Aleix Garcia, primero del Girona con Espa\u00f1a\"> convocado por Luis de La Fuente <\/a>en la \u00faltima lista de la selecci\u00f3n espa\u00f1ola por primera vez. Sin embargo, en una entrevista concedida a \u2018Movistar Plus+\u2019, a pocos d\u00edas de visitar Montju\u00efc para jugar contra el Barcelona, el mediocentro mostr\u00f3 su deseo de vestir de blaugrana: \u201cMe gustar\u00eda jugar en el Bar\u00e7a. Es el club que he seguido desde peque\u00f1o y el que siempre me ha gustado\u201d, apunt\u00f3.<\/p>\n<p><a href=\"https:\/\/www.lavanguardia.com\/deportes\/fc-barcelona\/20231206\/9431613\/girona-michel-responde-aleix-garcia-decir-le-gustaria-jugar-barca-equivoca.html\">Seguir leyendo&#8230;<\/a><\/p>","protected":false},"excerpt":{"rendered":"<p>Aleix Garcia es el l\u00edder del Girona de M\u00edchel. Es tambi\u00e9n el centrocampista total, convocado por Luis de La Fuente en la \u00faltima lista de la selecci\u00f3n espa\u00f1ola por primera vez. Sin embargo, en una entrevista concedida a \u2018Movistar Plus+\u2019, a pocos d\u00edas de visitar Montju\u00efc para jugar contra el Barcelona, el mediocentro mostr\u00f3 su [&hellip;]<\/p>\n","protected":false},"author":0,"featured_media":3781,"comment_status":"","ping_status":"","sticky":false,"template":"","format":"standard","meta":{"_et_pb_use_builder":"","_et_pb_old_content":"","_et_gb_content_width":"","footnotes":""},"categories":[1],"tags":[],"class_list":["post-3780","post","type-post","status-publish","format-standard","has-post-thumbnail","hentry","category-blog","et-has-post-format-content","et_post_format-et-post-format-standard"],"_links":{"self":[{"href":"https:\/\/trayectoriadeportiva.com\/index.php\/wp-json\/wp\/v2\/posts\/3780","targetHints":{"allow":["GET"]}}],"collection":[{"href":"https:\/\/trayectoriadeportiva.com\/index.php\/wp-json\/wp\/v2\/posts"}],"about":[{"href":"https:\/\/trayectoriadeportiva.com\/index.php\/wp-json\/wp\/v2\/types\/post"}],"replies":[{"embeddable":true,"href":"https:\/\/trayectoriadeportiva.com\/index.php\/wp-json\/wp\/v2\/comments?post=3780"}],"version-history":[{"count":0,"href":"https:\/\/trayectoriadeportiva.com\/index.php\/wp-json\/wp\/v2\/posts\/3780\/revisions"}],"wp:featuredmedia":[{"embeddable":true,"href":"https:\/\/trayectoriadeportiva.com\/index.php\/wp-json\/wp\/v2\/media\/3781"}],"wp:attachment":[{"href":"https:\/\/trayectoriadeportiva.com\/index.php\/wp-json\/wp\/v2\/media?parent=3780"}],"wp:term":[{"taxonomy":"category","embeddable":true,"href":"https:\/\/trayectoriadeportiva.com\/index.php\/wp-json\/wp\/v2\/categories?post=3780"},{"taxonomy":"post_tag","embeddable":true,"href":"https:\/\/trayectoriadeportiva.com\/index.php\/wp-json\/wp\/v2\/tags?post=3780"}],"curies":[{"name":"wp","href":"https:\/\/api.w.org\/{rel}","templated":true}]}}