{"id":3870,"date":"2023-12-08T17:25:39","date_gmt":"2023-12-08T17:25:39","guid":{"rendered":"https:\/\/trayectoriadeportiva.com\/index.php\/2023\/12\/08\/mapi-leon-se-rompe-el-menisco-y-pasara-por-el-quirofano\/"},"modified":"2023-12-08T17:25:39","modified_gmt":"2023-12-08T17:25:39","slug":"mapi-leon-se-rompe-el-menisco-y-pasara-por-el-quirofano","status":"publish","type":"post","link":"https:\/\/trayectoriadeportiva.com\/index.php\/2023\/12\/08\/mapi-leon-se-rompe-el-menisco-y-pasara-por-el-quirofano\/","title":{"rendered":"Mapi Le\u00f3n se rompe el menisco y pasar\u00e1 por el quir\u00f3fano"},"content":{"rendered":"<p>Malas noticias para la enfermer\u00eda del Barcelona femenino. Las bajas no paran de crecer. La \u00faltima, la de Mapi Le\u00f3n, es sin duda de las m\u00e1s sensibles. El Barcelona inform\u00f3 que la central sufri\u00f3 este viernes una rotura del menisco externo de la rodilla derecha y que se someter\u00e1 a tratamiento quir\u00fargico en los pr\u00f3ximos d\u00edas.\u00a0Se perder\u00e1 seguro el partido contra el Eibar y el resto de encuentros de este 2023. Esta lesi\u00f3n es compleja y requiere de especial cuidado, por lo que hasta que no pase por el quir\u00f3fano no se sabr\u00e1 con m\u00e1s exactitud el tiempo de baja estimado.\u00a0<\/p>\n<p><a href=\"https:\/\/www.lavanguardia.com\/deportes\/fc-barcelona\/20231208\/9435877\/mapi-leon-rompe-menisco-pasara-quirofano-barca-bajas-defensa-irene-paredes.html\">Seguir leyendo&#8230;<\/a><\/p>","protected":false},"excerpt":{"rendered":"<p>Malas noticias para la enfermer\u00eda del Barcelona femenino. Las bajas no paran de crecer. La \u00faltima, la de Mapi Le\u00f3n, es sin duda de las m\u00e1s sensibles. El Barcelona inform\u00f3 que la central sufri\u00f3 este viernes una rotura del menisco externo de la rodilla derecha y que se someter\u00e1 a tratamiento quir\u00fargico en los pr\u00f3ximos [&hellip;]<\/p>\n","protected":false},"author":0,"featured_media":3871,"comment_status":"","ping_status":"","sticky":false,"template":"","format":"standard","meta":{"_et_pb_use_builder":"","_et_pb_old_content":"","_et_gb_content_width":"","footnotes":""},"categories":[1],"tags":[],"class_list":["post-3870","post","type-post","status-publish","format-standard","has-post-thumbnail","hentry","category-blog","et-has-post-format-content","et_post_format-et-post-format-standard"],"_links":{"self":[{"href":"https:\/\/trayectoriadeportiva.com\/index.php\/wp-json\/wp\/v2\/posts\/3870","targetHints":{"allow":["GET"]}}],"collection":[{"href":"https:\/\/trayectoriadeportiva.com\/index.php\/wp-json\/wp\/v2\/posts"}],"about":[{"href":"https:\/\/trayectoriadeportiva.com\/index.php\/wp-json\/wp\/v2\/types\/post"}],"replies":[{"embeddable":true,"href":"https:\/\/trayectoriadeportiva.com\/index.php\/wp-json\/wp\/v2\/comments?post=3870"}],"version-history":[{"count":0,"href":"https:\/\/trayectoriadeportiva.com\/index.php\/wp-json\/wp\/v2\/posts\/3870\/revisions"}],"wp:featuredmedia":[{"embeddable":true,"href":"https:\/\/trayectoriadeportiva.com\/index.php\/wp-json\/wp\/v2\/media\/3871"}],"wp:attachment":[{"href":"https:\/\/trayectoriadeportiva.com\/index.php\/wp-json\/wp\/v2\/media?parent=3870"}],"wp:term":[{"taxonomy":"category","embeddable":true,"href":"https:\/\/trayectoriadeportiva.com\/index.php\/wp-json\/wp\/v2\/categories?post=3870"},{"taxonomy":"post_tag","embeddable":true,"href":"https:\/\/trayectoriadeportiva.com\/index.php\/wp-json\/wp\/v2\/tags?post=3870"}],"curies":[{"name":"wp","href":"https:\/\/api.w.org\/{rel}","templated":true}]}}