{"id":4075,"date":"2023-12-12T00:29:06","date_gmt":"2023-12-12T00:29:06","guid":{"rendered":"https:\/\/trayectoriadeportiva.com\/index.php\/2023\/12\/12\/suspendida-la-liga-turca-tras-la-agresion-de-un-presidente-de-un-club-al-arbitro-en-el-campo\/"},"modified":"2023-12-12T00:29:06","modified_gmt":"2023-12-12T00:29:06","slug":"suspendida-la-liga-turca-tras-la-agresion-de-un-presidente-de-un-club-al-arbitro-en-el-campo","status":"publish","type":"post","link":"https:\/\/trayectoriadeportiva.com\/index.php\/2023\/12\/12\/suspendida-la-liga-turca-tras-la-agresion-de-un-presidente-de-un-club-al-arbitro-en-el-campo\/","title":{"rendered":"Suspendida la liga turca tras la agresi\u00f3n de un presidente de un club al \u00e1rbitro en el campo"},"content":{"rendered":"<p>La Federaci\u00f3n de F\u00fatbol de Turqu\u00eda (TFF, en turco) tom\u00f3 una medida sin precedentes al decidir posponer indefinidamente todos los partidos en todas las ligas y condena al &#8220;ataque inhumano y vil&#8221; perpetrado por &#8220;individuos sin escr\u00fapulos&#8221; contra un \u00e1rbitro en un partido de la liga turca.\u00a0 Esta medida dr\u00e1stica busca enviar un claro mensaje de repudio a la violencia en el f\u00fatbol turco y asegurar que se tomen las medidas necesarias para abordar esta situaci\u00f3n cr\u00edtica.<\/p>\n<p><a href=\"https:\/\/www.lavanguardia.com\/deportes\/futbol\/20231212\/9442157\/suspendida-liga-turca-agresion-presidente-club-arbitro-campo.html\">Seguir leyendo&#8230;<\/a><\/p>","protected":false},"excerpt":{"rendered":"<p>La Federaci\u00f3n de F\u00fatbol de Turqu\u00eda (TFF, en turco) tom\u00f3 una medida sin precedentes al decidir posponer indefinidamente todos los partidos en todas las ligas y condena al &#8220;ataque inhumano y vil&#8221; perpetrado por &#8220;individuos sin escr\u00fapulos&#8221; contra un \u00e1rbitro en un partido de la liga turca.\u00a0 Esta medida dr\u00e1stica busca enviar un claro mensaje [&hellip;]<\/p>\n","protected":false},"author":0,"featured_media":4076,"comment_status":"","ping_status":"","sticky":false,"template":"","format":"standard","meta":{"_et_pb_use_builder":"","_et_pb_old_content":"","_et_gb_content_width":"","footnotes":""},"categories":[1],"tags":[],"class_list":["post-4075","post","type-post","status-publish","format-standard","has-post-thumbnail","hentry","category-blog","et-has-post-format-content","et_post_format-et-post-format-standard"],"_links":{"self":[{"href":"https:\/\/trayectoriadeportiva.com\/index.php\/wp-json\/wp\/v2\/posts\/4075","targetHints":{"allow":["GET"]}}],"collection":[{"href":"https:\/\/trayectoriadeportiva.com\/index.php\/wp-json\/wp\/v2\/posts"}],"about":[{"href":"https:\/\/trayectoriadeportiva.com\/index.php\/wp-json\/wp\/v2\/types\/post"}],"replies":[{"embeddable":true,"href":"https:\/\/trayectoriadeportiva.com\/index.php\/wp-json\/wp\/v2\/comments?post=4075"}],"version-history":[{"count":0,"href":"https:\/\/trayectoriadeportiva.com\/index.php\/wp-json\/wp\/v2\/posts\/4075\/revisions"}],"wp:featuredmedia":[{"embeddable":true,"href":"https:\/\/trayectoriadeportiva.com\/index.php\/wp-json\/wp\/v2\/media\/4076"}],"wp:attachment":[{"href":"https:\/\/trayectoriadeportiva.com\/index.php\/wp-json\/wp\/v2\/media?parent=4075"}],"wp:term":[{"taxonomy":"category","embeddable":true,"href":"https:\/\/trayectoriadeportiva.com\/index.php\/wp-json\/wp\/v2\/categories?post=4075"},{"taxonomy":"post_tag","embeddable":true,"href":"https:\/\/trayectoriadeportiva.com\/index.php\/wp-json\/wp\/v2\/tags?post=4075"}],"curies":[{"name":"wp","href":"https:\/\/api.w.org\/{rel}","templated":true}]}}