{"id":4194,"date":"2023-12-13T22:20:44","date_gmt":"2023-12-13T22:20:44","guid":{"rendered":"https:\/\/trayectoriadeportiva.com\/index.php\/2023\/12\/13\/el-atletico-pasa-a-octavos-con-honores\/"},"modified":"2023-12-13T22:20:44","modified_gmt":"2023-12-13T22:20:44","slug":"el-atletico-pasa-a-octavos-con-honores","status":"publish","type":"post","link":"https:\/\/trayectoriadeportiva.com\/index.php\/2023\/12\/13\/el-atletico-pasa-a-octavos-con-honores\/","title":{"rendered":"El Atl\u00e9tico pasa a octavos con honores"},"content":{"rendered":"<p>Un Atl\u00e9tico de Madrid solvente, con una marcha m\u00e1s cuando hizo falta, venci\u00f3 en la \u00faltima jornada de la fase de grupos al Lazio en el Metropolitano (2-0) y asegur\u00f3 la primera plaza, un privilegio que no se hab\u00eda ganado en la Champions desde hac\u00eda siete a\u00f1os. Los de Simeone enmendan el borr\u00f3n de la temporada pasada, cuando acabaron cuartos de su grupo, y se meten en las eliminatorias por el t\u00edtulo por octava vez en las \u00faltimas diez temporadas.<\/p>\n<p><a href=\"https:\/\/www.lavanguardia.com\/deportes\/atletico-de-madrid\/20231213\/9448214\/atletico-lazio-ultima-jornada-champions-fase-grupos-resumen-griezmann-lino.html\">Seguir leyendo&#8230;<\/a><\/p>","protected":false},"excerpt":{"rendered":"<p>Un Atl\u00e9tico de Madrid solvente, con una marcha m\u00e1s cuando hizo falta, venci\u00f3 en la \u00faltima jornada de la fase de grupos al Lazio en el Metropolitano (2-0) y asegur\u00f3 la primera plaza, un privilegio que no se hab\u00eda ganado en la Champions desde hac\u00eda siete a\u00f1os. Los de Simeone enmendan el borr\u00f3n de la [&hellip;]<\/p>\n","protected":false},"author":0,"featured_media":4195,"comment_status":"","ping_status":"","sticky":false,"template":"","format":"standard","meta":{"_et_pb_use_builder":"","_et_pb_old_content":"","_et_gb_content_width":"","footnotes":""},"categories":[1],"tags":[],"class_list":["post-4194","post","type-post","status-publish","format-standard","has-post-thumbnail","hentry","category-blog","et-has-post-format-content","et_post_format-et-post-format-standard"],"_links":{"self":[{"href":"https:\/\/trayectoriadeportiva.com\/index.php\/wp-json\/wp\/v2\/posts\/4194","targetHints":{"allow":["GET"]}}],"collection":[{"href":"https:\/\/trayectoriadeportiva.com\/index.php\/wp-json\/wp\/v2\/posts"}],"about":[{"href":"https:\/\/trayectoriadeportiva.com\/index.php\/wp-json\/wp\/v2\/types\/post"}],"replies":[{"embeddable":true,"href":"https:\/\/trayectoriadeportiva.com\/index.php\/wp-json\/wp\/v2\/comments?post=4194"}],"version-history":[{"count":0,"href":"https:\/\/trayectoriadeportiva.com\/index.php\/wp-json\/wp\/v2\/posts\/4194\/revisions"}],"wp:featuredmedia":[{"embeddable":true,"href":"https:\/\/trayectoriadeportiva.com\/index.php\/wp-json\/wp\/v2\/media\/4195"}],"wp:attachment":[{"href":"https:\/\/trayectoriadeportiva.com\/index.php\/wp-json\/wp\/v2\/media?parent=4194"}],"wp:term":[{"taxonomy":"category","embeddable":true,"href":"https:\/\/trayectoriadeportiva.com\/index.php\/wp-json\/wp\/v2\/categories?post=4194"},{"taxonomy":"post_tag","embeddable":true,"href":"https:\/\/trayectoriadeportiva.com\/index.php\/wp-json\/wp\/v2\/tags?post=4194"}],"curies":[{"name":"wp","href":"https:\/\/api.w.org\/{rel}","templated":true}]}}