{"id":4281,"date":"2023-12-16T06:00:00","date_gmt":"2023-12-16T06:00:00","guid":{"rendered":"https:\/\/trayectoriadeportiva.com\/index.php\/2023\/12\/16\/las-incognitas-que-deja-el-adios-de-giraldez\/"},"modified":"2023-12-16T06:00:00","modified_gmt":"2023-12-16T06:00:00","slug":"las-incognitas-que-deja-el-adios-de-giraldez","status":"publish","type":"post","link":"https:\/\/trayectoriadeportiva.com\/index.php\/2023\/12\/16\/las-incognitas-que-deja-el-adios-de-giraldez\/","title":{"rendered":"Las inc\u00f3gnitas que deja el adi\u00f3s de Gir\u00e1ldez"},"content":{"rendered":"<p>Jonatan <a href=\"https:\/\/www.lavanguardia.com\/deportes\/futbol-femenino\/20231215\/9452112\/giraldez-dejara-barca-final-temporada.html\" title=\"Gir\u00e1ldez dejar\u00e1 el Bar\u00e7a a final de temporada\">Gir\u00e1ldez dejar\u00e1 el FC Barcelona al final de esta temporada<\/a>. El t\u00e9cnico vigu\u00e9s acaba contrato el 30 de junio y ya ha comunicado su decisi\u00f3n de no renovar a la directiva y a su staff. Todo apunta que pondr\u00e1 rumbo a la liga estadounidense, con una suculenta propuesta econ\u00f3mica sobre la mesa.<\/p>\n<p><a href=\"https:\/\/www.lavanguardia.com\/deportes\/futbol-femenino\/20231216\/9453651\/incognitas-deja-adios-giraldez.html\">Seguir leyendo&#8230;<\/a><\/p>","protected":false},"excerpt":{"rendered":"<p>Jonatan Gir\u00e1ldez dejar\u00e1 el FC Barcelona al final de esta temporada. El t\u00e9cnico vigu\u00e9s acaba contrato el 30 de junio y ya ha comunicado su decisi\u00f3n de no renovar a la directiva y a su staff. Todo apunta que pondr\u00e1 rumbo a la liga estadounidense, con una suculenta propuesta econ\u00f3mica sobre la mesa. Seguir leyendo&#8230;<\/p>\n","protected":false},"author":0,"featured_media":4282,"comment_status":"","ping_status":"","sticky":false,"template":"","format":"standard","meta":{"_et_pb_use_builder":"","_et_pb_old_content":"","_et_gb_content_width":"","footnotes":""},"categories":[1],"tags":[],"class_list":["post-4281","post","type-post","status-publish","format-standard","has-post-thumbnail","hentry","category-blog","et-has-post-format-content","et_post_format-et-post-format-standard"],"_links":{"self":[{"href":"https:\/\/trayectoriadeportiva.com\/index.php\/wp-json\/wp\/v2\/posts\/4281","targetHints":{"allow":["GET"]}}],"collection":[{"href":"https:\/\/trayectoriadeportiva.com\/index.php\/wp-json\/wp\/v2\/posts"}],"about":[{"href":"https:\/\/trayectoriadeportiva.com\/index.php\/wp-json\/wp\/v2\/types\/post"}],"replies":[{"embeddable":true,"href":"https:\/\/trayectoriadeportiva.com\/index.php\/wp-json\/wp\/v2\/comments?post=4281"}],"version-history":[{"count":0,"href":"https:\/\/trayectoriadeportiva.com\/index.php\/wp-json\/wp\/v2\/posts\/4281\/revisions"}],"wp:featuredmedia":[{"embeddable":true,"href":"https:\/\/trayectoriadeportiva.com\/index.php\/wp-json\/wp\/v2\/media\/4282"}],"wp:attachment":[{"href":"https:\/\/trayectoriadeportiva.com\/index.php\/wp-json\/wp\/v2\/media?parent=4281"}],"wp:term":[{"taxonomy":"category","embeddable":true,"href":"https:\/\/trayectoriadeportiva.com\/index.php\/wp-json\/wp\/v2\/categories?post=4281"},{"taxonomy":"post_tag","embeddable":true,"href":"https:\/\/trayectoriadeportiva.com\/index.php\/wp-json\/wp\/v2\/tags?post=4281"}],"curies":[{"name":"wp","href":"https:\/\/api.w.org\/{rel}","templated":true}]}}