{"id":4343,"date":"2023-12-16T18:57:58","date_gmt":"2023-12-16T18:57:58","guid":{"rendered":"https:\/\/trayectoriadeportiva.com\/index.php\/2023\/12\/16\/araujo-y-frenkie-de-jong-regresan-a-la-titularidad-en-la-final-de-mestalla\/"},"modified":"2023-12-16T18:57:58","modified_gmt":"2023-12-16T18:57:58","slug":"araujo-y-frenkie-de-jong-regresan-a-la-titularidad-en-la-final-de-mestalla","status":"publish","type":"post","link":"https:\/\/trayectoriadeportiva.com\/index.php\/2023\/12\/16\/araujo-y-frenkie-de-jong-regresan-a-la-titularidad-en-la-final-de-mestalla\/","title":{"rendered":"Ara\u00fajo y Frenkie de Jong regresan a la titularidad en \u201cla final\u201d de Mestalla"},"content":{"rendered":"<p>Despu\u00e9s de dos derrotas seguidas, el Barcelona tiene una final en Mestalla. A 7 puntos del liderato de la clasificaci\u00f3n, los blaugrana no pueden permitirse otro tropiezo en la Liga si quieren seguir aspirando a defender el t\u00edtulo. Xavi Hern\u00e1ndez catalog\u00f3 el duelo de final. Y eso se nota en la alineaci\u00f3n del t\u00e9cnico del Bar\u00e7a, que recupera a dos de los pesos pesados del equipo. Ara\u00fajo, el jefe de la defensa, y Frenkie de Jong, el cerebro del centro del campo, regresan.<\/p>\n<p><a href=\"https:\/\/www.lavanguardia.com\/deportes\/fc-barcelona\/20231216\/9455447\/araujo-frenkie-jong-regresan-titularidad-final-mestalla.html\">Seguir leyendo&#8230;<\/a><\/p>","protected":false},"excerpt":{"rendered":"<p>Despu\u00e9s de dos derrotas seguidas, el Barcelona tiene una final en Mestalla. A 7 puntos del liderato de la clasificaci\u00f3n, los blaugrana no pueden permitirse otro tropiezo en la Liga si quieren seguir aspirando a defender el t\u00edtulo. Xavi Hern\u00e1ndez catalog\u00f3 el duelo de final. Y eso se nota en la alineaci\u00f3n del t\u00e9cnico del [&hellip;]<\/p>\n","protected":false},"author":0,"featured_media":4344,"comment_status":"","ping_status":"","sticky":false,"template":"","format":"standard","meta":{"_et_pb_use_builder":"","_et_pb_old_content":"","_et_gb_content_width":"","footnotes":""},"categories":[1],"tags":[],"class_list":["post-4343","post","type-post","status-publish","format-standard","has-post-thumbnail","hentry","category-blog","et-has-post-format-content","et_post_format-et-post-format-standard"],"_links":{"self":[{"href":"https:\/\/trayectoriadeportiva.com\/index.php\/wp-json\/wp\/v2\/posts\/4343","targetHints":{"allow":["GET"]}}],"collection":[{"href":"https:\/\/trayectoriadeportiva.com\/index.php\/wp-json\/wp\/v2\/posts"}],"about":[{"href":"https:\/\/trayectoriadeportiva.com\/index.php\/wp-json\/wp\/v2\/types\/post"}],"replies":[{"embeddable":true,"href":"https:\/\/trayectoriadeportiva.com\/index.php\/wp-json\/wp\/v2\/comments?post=4343"}],"version-history":[{"count":0,"href":"https:\/\/trayectoriadeportiva.com\/index.php\/wp-json\/wp\/v2\/posts\/4343\/revisions"}],"wp:featuredmedia":[{"embeddable":true,"href":"https:\/\/trayectoriadeportiva.com\/index.php\/wp-json\/wp\/v2\/media\/4344"}],"wp:attachment":[{"href":"https:\/\/trayectoriadeportiva.com\/index.php\/wp-json\/wp\/v2\/media?parent=4343"}],"wp:term":[{"taxonomy":"category","embeddable":true,"href":"https:\/\/trayectoriadeportiva.com\/index.php\/wp-json\/wp\/v2\/categories?post=4343"},{"taxonomy":"post_tag","embeddable":true,"href":"https:\/\/trayectoriadeportiva.com\/index.php\/wp-json\/wp\/v2\/tags?post=4343"}],"curies":[{"name":"wp","href":"https:\/\/api.w.org\/{rel}","templated":true}]}}