{"id":4429,"date":"2023-12-17T22:02:55","date_gmt":"2023-12-17T22:02:55","guid":{"rendered":"https:\/\/trayectoriadeportiva.com\/index.php\/2023\/12\/17\/el-real-madrid-baila-al-villarreal\/"},"modified":"2023-12-17T22:02:55","modified_gmt":"2023-12-17T22:02:55","slug":"el-real-madrid-baila-al-villarreal","status":"publish","type":"post","link":"https:\/\/trayectoriadeportiva.com\/index.php\/2023\/12\/17\/el-real-madrid-baila-al-villarreal\/","title":{"rendered":"El Real Madrid baila al Villarreal"},"content":{"rendered":"<p>El Real Madrid despidi\u00f3 el a\u00f1o en el Bernab\u00e9u con una victoria c\u00f3moda ante el Villarreal que le devuelve al liderato de la Liga a la espera de lo que haga ma\u00f1ana lunes el Girona ante el Alav\u00e9s en Montilivi. La noche fue pl\u00e1cida para los blancos, muy entonados desde la salida, conscientes de poder abrir hueco ante el Barcelona, al que deja ya a siete puntos.<\/p>\n<p><a href=\"https:\/\/www.lavanguardia.com\/deportes\/real-madrid\/20231217\/9457035\/real-madrid-baila-villarreal.html\">Seguir leyendo&#8230;<\/a><\/p>","protected":false},"excerpt":{"rendered":"<p>El Real Madrid despidi\u00f3 el a\u00f1o en el Bernab\u00e9u con una victoria c\u00f3moda ante el Villarreal que le devuelve al liderato de la Liga a la espera de lo que haga ma\u00f1ana lunes el Girona ante el Alav\u00e9s en Montilivi. La noche fue pl\u00e1cida para los blancos, muy entonados desde la salida, conscientes de poder [&hellip;]<\/p>\n","protected":false},"author":0,"featured_media":4430,"comment_status":"","ping_status":"","sticky":false,"template":"","format":"standard","meta":{"_et_pb_use_builder":"","_et_pb_old_content":"","_et_gb_content_width":"","footnotes":""},"categories":[1],"tags":[],"class_list":["post-4429","post","type-post","status-publish","format-standard","has-post-thumbnail","hentry","category-blog","et-has-post-format-content","et_post_format-et-post-format-standard"],"_links":{"self":[{"href":"https:\/\/trayectoriadeportiva.com\/index.php\/wp-json\/wp\/v2\/posts\/4429","targetHints":{"allow":["GET"]}}],"collection":[{"href":"https:\/\/trayectoriadeportiva.com\/index.php\/wp-json\/wp\/v2\/posts"}],"about":[{"href":"https:\/\/trayectoriadeportiva.com\/index.php\/wp-json\/wp\/v2\/types\/post"}],"replies":[{"embeddable":true,"href":"https:\/\/trayectoriadeportiva.com\/index.php\/wp-json\/wp\/v2\/comments?post=4429"}],"version-history":[{"count":0,"href":"https:\/\/trayectoriadeportiva.com\/index.php\/wp-json\/wp\/v2\/posts\/4429\/revisions"}],"wp:featuredmedia":[{"embeddable":true,"href":"https:\/\/trayectoriadeportiva.com\/index.php\/wp-json\/wp\/v2\/media\/4430"}],"wp:attachment":[{"href":"https:\/\/trayectoriadeportiva.com\/index.php\/wp-json\/wp\/v2\/media?parent=4429"}],"wp:term":[{"taxonomy":"category","embeddable":true,"href":"https:\/\/trayectoriadeportiva.com\/index.php\/wp-json\/wp\/v2\/categories?post=4429"},{"taxonomy":"post_tag","embeddable":true,"href":"https:\/\/trayectoriadeportiva.com\/index.php\/wp-json\/wp\/v2\/tags?post=4429"}],"curies":[{"name":"wp","href":"https:\/\/api.w.org\/{rel}","templated":true}]}}