{"id":4474,"date":"2023-12-18T18:19:47","date_gmt":"2023-12-18T18:19:47","guid":{"rendered":"https:\/\/trayectoriadeportiva.com\/index.php\/2023\/12\/18\/pogacar-elige-la-volta-a-catalunya-para-preparar-el-giro\/"},"modified":"2023-12-18T18:19:47","modified_gmt":"2023-12-18T18:19:47","slug":"pogacar-elige-la-volta-a-catalunya-para-preparar-el-giro","status":"publish","type":"post","link":"https:\/\/trayectoriadeportiva.com\/index.php\/2023\/12\/18\/pogacar-elige-la-volta-a-catalunya-para-preparar-el-giro\/","title":{"rendered":"Pogacar elige la Volta a Catalunya para preparar el Giro"},"content":{"rendered":"<p>Tadej Pogacar ser\u00e1 el gran nombre de la Volta a Catalunya 2024. Despu\u00e9s del gran <a href=\"https:\/\/www.lavanguardia.com\/deportes\/ciclismo\/20230326\/8854149\/roglic-ganador-volta-a-catalunya-evenepoel-resumen-etapa-7.html\">duelo de hace nueve meses entre Roglic y Evenepoel<\/a>, el esloveno del UAE ser\u00e1 la atracci\u00f3n en la salida del 18 de marzo en Sant Feliu de Gu\u00edxols. El considerado mejor ciclista del momento, de 25 a\u00f1os, debutar\u00e1 en la prueba catalana.<\/p>\n<p><a href=\"https:\/\/www.lavanguardia.com\/deportes\/ciclismo\/20231218\/9459679\/pogacar-elige-volta-catalunya-preparar-giro.html\">Seguir leyendo&#8230;<\/a><\/p>","protected":false},"excerpt":{"rendered":"<p>Tadej Pogacar ser\u00e1 el gran nombre de la Volta a Catalunya 2024. Despu\u00e9s del gran duelo de hace nueve meses entre Roglic y Evenepoel, el esloveno del UAE ser\u00e1 la atracci\u00f3n en la salida del 18 de marzo en Sant Feliu de Gu\u00edxols. El considerado mejor ciclista del momento, de 25 a\u00f1os, debutar\u00e1 en la [&hellip;]<\/p>\n","protected":false},"author":0,"featured_media":4475,"comment_status":"","ping_status":"","sticky":false,"template":"","format":"standard","meta":{"_et_pb_use_builder":"","_et_pb_old_content":"","_et_gb_content_width":"","footnotes":""},"categories":[1],"tags":[],"class_list":["post-4474","post","type-post","status-publish","format-standard","has-post-thumbnail","hentry","category-blog","et-has-post-format-content","et_post_format-et-post-format-standard"],"_links":{"self":[{"href":"https:\/\/trayectoriadeportiva.com\/index.php\/wp-json\/wp\/v2\/posts\/4474","targetHints":{"allow":["GET"]}}],"collection":[{"href":"https:\/\/trayectoriadeportiva.com\/index.php\/wp-json\/wp\/v2\/posts"}],"about":[{"href":"https:\/\/trayectoriadeportiva.com\/index.php\/wp-json\/wp\/v2\/types\/post"}],"replies":[{"embeddable":true,"href":"https:\/\/trayectoriadeportiva.com\/index.php\/wp-json\/wp\/v2\/comments?post=4474"}],"version-history":[{"count":0,"href":"https:\/\/trayectoriadeportiva.com\/index.php\/wp-json\/wp\/v2\/posts\/4474\/revisions"}],"wp:featuredmedia":[{"embeddable":true,"href":"https:\/\/trayectoriadeportiva.com\/index.php\/wp-json\/wp\/v2\/media\/4475"}],"wp:attachment":[{"href":"https:\/\/trayectoriadeportiva.com\/index.php\/wp-json\/wp\/v2\/media?parent=4474"}],"wp:term":[{"taxonomy":"category","embeddable":true,"href":"https:\/\/trayectoriadeportiva.com\/index.php\/wp-json\/wp\/v2\/categories?post=4474"},{"taxonomy":"post_tag","embeddable":true,"href":"https:\/\/trayectoriadeportiva.com\/index.php\/wp-json\/wp\/v2\/tags?post=4474"}],"curies":[{"name":"wp","href":"https:\/\/api.w.org\/{rel}","templated":true}]}}