{"id":4486,"date":"2023-12-19T05:00:00","date_gmt":"2023-12-19T05:00:00","guid":{"rendered":"https:\/\/trayectoriadeportiva.com\/index.php\/2023\/12\/19\/podia-ser-peor-el-barcelona-evita-al-psg-y-al-inter-y-se-enfrentara-al-napoles-en-octavos\/"},"modified":"2023-12-19T05:00:00","modified_gmt":"2023-12-19T05:00:00","slug":"podia-ser-peor-el-barcelona-evita-al-psg-y-al-inter-y-se-enfrentara-al-napoles-en-octavos","status":"publish","type":"post","link":"https:\/\/trayectoriadeportiva.com\/index.php\/2023\/12\/19\/podia-ser-peor-el-barcelona-evita-al-psg-y-al-inter-y-se-enfrentara-al-napoles-en-octavos\/","title":{"rendered":"Pod\u00eda ser peor: el Barcelona evita al PSG y al Inter y se enfrentar\u00e1 al N\u00e1poles en octavos"},"content":{"rendered":"<p>\u201cHa sido un sorteo m\u00e1s o menos equitativo. El N\u00e1poles tiene un nivel parecido al nuestro. A ver c\u00f3mo estamos en febrero\u201d, apuntaban fuentes del FC Barcelona cuando conocieron que el conjunto italiano ser\u00e1 el rival en los octavos de final de la Champions. Clasificado como primero de grupo, el Barcelona jugar\u00e1 la ida el 21 de febrero en el estadio Diego Armando Maradona y la vuelta el 12 de marzo en el Llu\u00eds Companys.<\/p>\n<p><a href=\"https:\/\/www.lavanguardia.com\/deportes\/fc-barcelona\/20231219\/9460139\/champions-barcelona-evita-psg-inter-enfrentara-napoles-octavos.html\">Seguir leyendo&#8230;<\/a><\/p>","protected":false},"excerpt":{"rendered":"<p>\u201cHa sido un sorteo m\u00e1s o menos equitativo. El N\u00e1poles tiene un nivel parecido al nuestro. A ver c\u00f3mo estamos en febrero\u201d, apuntaban fuentes del FC Barcelona cuando conocieron que el conjunto italiano ser\u00e1 el rival en los octavos de final de la Champions. Clasificado como primero de grupo, el Barcelona jugar\u00e1 la ida el [&hellip;]<\/p>\n","protected":false},"author":0,"featured_media":4487,"comment_status":"","ping_status":"","sticky":false,"template":"","format":"standard","meta":{"_et_pb_use_builder":"","_et_pb_old_content":"","_et_gb_content_width":"","footnotes":""},"categories":[1],"tags":[],"class_list":["post-4486","post","type-post","status-publish","format-standard","has-post-thumbnail","hentry","category-blog","et-has-post-format-content","et_post_format-et-post-format-standard"],"_links":{"self":[{"href":"https:\/\/trayectoriadeportiva.com\/index.php\/wp-json\/wp\/v2\/posts\/4486","targetHints":{"allow":["GET"]}}],"collection":[{"href":"https:\/\/trayectoriadeportiva.com\/index.php\/wp-json\/wp\/v2\/posts"}],"about":[{"href":"https:\/\/trayectoriadeportiva.com\/index.php\/wp-json\/wp\/v2\/types\/post"}],"replies":[{"embeddable":true,"href":"https:\/\/trayectoriadeportiva.com\/index.php\/wp-json\/wp\/v2\/comments?post=4486"}],"version-history":[{"count":0,"href":"https:\/\/trayectoriadeportiva.com\/index.php\/wp-json\/wp\/v2\/posts\/4486\/revisions"}],"wp:featuredmedia":[{"embeddable":true,"href":"https:\/\/trayectoriadeportiva.com\/index.php\/wp-json\/wp\/v2\/media\/4487"}],"wp:attachment":[{"href":"https:\/\/trayectoriadeportiva.com\/index.php\/wp-json\/wp\/v2\/media?parent=4486"}],"wp:term":[{"taxonomy":"category","embeddable":true,"href":"https:\/\/trayectoriadeportiva.com\/index.php\/wp-json\/wp\/v2\/categories?post=4486"},{"taxonomy":"post_tag","embeddable":true,"href":"https:\/\/trayectoriadeportiva.com\/index.php\/wp-json\/wp\/v2\/tags?post=4486"}],"curies":[{"name":"wp","href":"https:\/\/api.w.org\/{rel}","templated":true}]}}