{"id":4520,"date":"2023-12-19T19:09:59","date_gmt":"2023-12-19T19:09:59","guid":{"rendered":"https:\/\/trayectoriadeportiva.com\/index.php\/2023\/12\/19\/david-alaba-operado-con-exito-del-ligamento-cruzado-en-austria\/"},"modified":"2023-12-19T19:09:59","modified_gmt":"2023-12-19T19:09:59","slug":"david-alaba-operado-con-exito-del-ligamento-cruzado-en-austria","status":"publish","type":"post","link":"https:\/\/trayectoriadeportiva.com\/index.php\/2023\/12\/19\/david-alaba-operado-con-exito-del-ligamento-cruzado-en-austria\/","title":{"rendered":"David Alaba, operado con \u00e9xito del ligamento cruzado en Austria"},"content":{"rendered":"<p>David Alaba, el central del Real Madrid, fue operado esta tarde con \u00e9xito del ligamento cruzado de su rodilla izquierda en un hospital de Innsbruck (Austria), seg\u00fan el parte m\u00e9dico facilitado por el club blanco. Alaba se rompi\u00f3 el cruzado en un mal giro de la rodilla en un lance del partido ante el Villarreal el pasado domingo. El jugador se perder\u00e1 el resto de la temporada y estar\u00e1 de baja unos nueve meses.<\/p>\n<p><a href=\"https:\/\/www.lavanguardia.com\/deportes\/real-madrid\/20231219\/9462178\/david-alaba-operado-cruzado-austria.html\">Seguir leyendo&#8230;<\/a><\/p>","protected":false},"excerpt":{"rendered":"<p>David Alaba, el central del Real Madrid, fue operado esta tarde con \u00e9xito del ligamento cruzado de su rodilla izquierda en un hospital de Innsbruck (Austria), seg\u00fan el parte m\u00e9dico facilitado por el club blanco. Alaba se rompi\u00f3 el cruzado en un mal giro de la rodilla en un lance del partido ante el Villarreal [&hellip;]<\/p>\n","protected":false},"author":0,"featured_media":4521,"comment_status":"","ping_status":"","sticky":false,"template":"","format":"standard","meta":{"_et_pb_use_builder":"","_et_pb_old_content":"","_et_gb_content_width":"","footnotes":""},"categories":[1],"tags":[],"class_list":["post-4520","post","type-post","status-publish","format-standard","has-post-thumbnail","hentry","category-blog","et-has-post-format-content","et_post_format-et-post-format-standard"],"_links":{"self":[{"href":"https:\/\/trayectoriadeportiva.com\/index.php\/wp-json\/wp\/v2\/posts\/4520","targetHints":{"allow":["GET"]}}],"collection":[{"href":"https:\/\/trayectoriadeportiva.com\/index.php\/wp-json\/wp\/v2\/posts"}],"about":[{"href":"https:\/\/trayectoriadeportiva.com\/index.php\/wp-json\/wp\/v2\/types\/post"}],"replies":[{"embeddable":true,"href":"https:\/\/trayectoriadeportiva.com\/index.php\/wp-json\/wp\/v2\/comments?post=4520"}],"version-history":[{"count":0,"href":"https:\/\/trayectoriadeportiva.com\/index.php\/wp-json\/wp\/v2\/posts\/4520\/revisions"}],"wp:featuredmedia":[{"embeddable":true,"href":"https:\/\/trayectoriadeportiva.com\/index.php\/wp-json\/wp\/v2\/media\/4521"}],"wp:attachment":[{"href":"https:\/\/trayectoriadeportiva.com\/index.php\/wp-json\/wp\/v2\/media?parent=4520"}],"wp:term":[{"taxonomy":"category","embeddable":true,"href":"https:\/\/trayectoriadeportiva.com\/index.php\/wp-json\/wp\/v2\/categories?post=4520"},{"taxonomy":"post_tag","embeddable":true,"href":"https:\/\/trayectoriadeportiva.com\/index.php\/wp-json\/wp\/v2\/tags?post=4520"}],"curies":[{"name":"wp","href":"https:\/\/api.w.org\/{rel}","templated":true}]}}