{"id":4820,"date":"2023-12-25T06:00:00","date_gmt":"2023-12-25T06:00:00","guid":{"rendered":"https:\/\/trayectoriadeportiva.com\/index.php\/2023\/12\/25\/el-sacrificio-de-sergi-roberto\/"},"modified":"2023-12-25T06:00:00","modified_gmt":"2023-12-25T06:00:00","slug":"el-sacrificio-de-sergi-roberto","status":"publish","type":"post","link":"https:\/\/trayectoriadeportiva.com\/index.php\/2023\/12\/25\/el-sacrificio-de-sergi-roberto\/","title":{"rendered":"El sacrificio de Sergi Roberto"},"content":{"rendered":"<p>Hace trece a\u00f1os de su inesperado debut en el Bernab\u00e9u en la victoriosa ida de las semifinales de la Champions. La noche de los rastreros lamentos de Mourinho, Sergi Roberto con tan solo diecinueve a\u00f1os, salt\u00f3 al rect\u00e1ngulo de juego como una reivindicaci\u00f3n de Guardiola sobre lo que deb\u00eda ser el modelo del Bar\u00e7a basado en el talento de la Masia y como contraposici\u00f3n del galacticismo de Florentino P\u00e9rez. Nacido en Reus hace treinta y un a\u00f1os, hijo de un madridista Josep Maria y de una cul\u00e9 Mar\u00eda Rosa, lleg\u00f3 como cadete al Bar\u00e7a procedente del N\u00e0stic, a cuya puerta tambi\u00e9n llamaron los responsables de la \u201cf\u00e1brica blanca\u201d.<\/p>\n<p><a href=\"https:\/\/www.lavanguardia.com\/deportes\/fc-barcelona\/20231225\/9474097\/sacrificio-sergi-roberto.html\">Seguir leyendo&#8230;<\/a><\/p>","protected":false},"excerpt":{"rendered":"<p>Hace trece a\u00f1os de su inesperado debut en el Bernab\u00e9u en la victoriosa ida de las semifinales de la Champions. La noche de los rastreros lamentos de Mourinho, Sergi Roberto con tan solo diecinueve a\u00f1os, salt\u00f3 al rect\u00e1ngulo de juego como una reivindicaci\u00f3n de Guardiola sobre lo que deb\u00eda ser el modelo del Bar\u00e7a basado [&hellip;]<\/p>\n","protected":false},"author":0,"featured_media":4821,"comment_status":"","ping_status":"","sticky":false,"template":"","format":"standard","meta":{"_et_pb_use_builder":"","_et_pb_old_content":"","_et_gb_content_width":"","footnotes":""},"categories":[1],"tags":[],"class_list":["post-4820","post","type-post","status-publish","format-standard","has-post-thumbnail","hentry","category-blog","et-has-post-format-content","et_post_format-et-post-format-standard"],"_links":{"self":[{"href":"https:\/\/trayectoriadeportiva.com\/index.php\/wp-json\/wp\/v2\/posts\/4820","targetHints":{"allow":["GET"]}}],"collection":[{"href":"https:\/\/trayectoriadeportiva.com\/index.php\/wp-json\/wp\/v2\/posts"}],"about":[{"href":"https:\/\/trayectoriadeportiva.com\/index.php\/wp-json\/wp\/v2\/types\/post"}],"replies":[{"embeddable":true,"href":"https:\/\/trayectoriadeportiva.com\/index.php\/wp-json\/wp\/v2\/comments?post=4820"}],"version-history":[{"count":0,"href":"https:\/\/trayectoriadeportiva.com\/index.php\/wp-json\/wp\/v2\/posts\/4820\/revisions"}],"wp:featuredmedia":[{"embeddable":true,"href":"https:\/\/trayectoriadeportiva.com\/index.php\/wp-json\/wp\/v2\/media\/4821"}],"wp:attachment":[{"href":"https:\/\/trayectoriadeportiva.com\/index.php\/wp-json\/wp\/v2\/media?parent=4820"}],"wp:term":[{"taxonomy":"category","embeddable":true,"href":"https:\/\/trayectoriadeportiva.com\/index.php\/wp-json\/wp\/v2\/categories?post=4820"},{"taxonomy":"post_tag","embeddable":true,"href":"https:\/\/trayectoriadeportiva.com\/index.php\/wp-json\/wp\/v2\/tags?post=4820"}],"curies":[{"name":"wp","href":"https:\/\/api.w.org\/{rel}","templated":true}]}}