{"id":4910,"date":"2023-12-28T05:00:00","date_gmt":"2023-12-28T05:00:00","guid":{"rendered":"https:\/\/trayectoriadeportiva.com\/index.php\/2023\/12\/28\/la-ambicion-de-vitor-roque-en-el-barca\/"},"modified":"2023-12-28T05:00:00","modified_gmt":"2023-12-28T05:00:00","slug":"la-ambicion-de-vitor-roque-en-el-barca","status":"publish","type":"post","link":"https:\/\/trayectoriadeportiva.com\/index.php\/2023\/12\/28\/la-ambicion-de-vitor-roque-en-el-barca\/","title":{"rendered":"La ambici\u00f3n de Vitor Roque en el Bar\u00e7a"},"content":{"rendered":"<p>Tiene 18 a\u00f1os y <a href=\"https:\/\/www.lavanguardia.com\/deportes\/fc-barcelona\/20231227\/9478107\/vitor-roque-llega-ambicion-siempre-tuve-voluntad-ganar-maximo.html\">mucha ilusi\u00f3n y ambici\u00f3n<\/a>. Es joven, a\u00fan una promesa mundial con todo el recorrido por delante, pero tiene claro lo que le pide a su nuevo paso como profesional, el primero en Europa: \u00e9xitos. Vitor Roque quiere triunfar en el Barcelona, con el que debutar\u00e1 en enero despu\u00e9s de ser inscrito en el mercado de invierno. Para eso ha adelantado su llegada con el objetivo de ponerse cuanto antes manos a la obra.<\/p>\n<p><a href=\"https:\/\/www.lavanguardia.com\/deportes\/fc-barcelona\/20231228\/9478959\/ambicion-vitor-roque-fichaje-barcelona-titulos.html\">Seguir leyendo&#8230;<\/a><\/p>","protected":false},"excerpt":{"rendered":"<p>Tiene 18 a\u00f1os y mucha ilusi\u00f3n y ambici\u00f3n. Es joven, a\u00fan una promesa mundial con todo el recorrido por delante, pero tiene claro lo que le pide a su nuevo paso como profesional, el primero en Europa: \u00e9xitos. Vitor Roque quiere triunfar en el Barcelona, con el que debutar\u00e1 en enero despu\u00e9s de ser inscrito [&hellip;]<\/p>\n","protected":false},"author":0,"featured_media":4911,"comment_status":"","ping_status":"","sticky":false,"template":"","format":"standard","meta":{"_et_pb_use_builder":"","_et_pb_old_content":"","_et_gb_content_width":"","footnotes":""},"categories":[1],"tags":[],"class_list":["post-4910","post","type-post","status-publish","format-standard","has-post-thumbnail","hentry","category-blog","et-has-post-format-content","et_post_format-et-post-format-standard"],"_links":{"self":[{"href":"https:\/\/trayectoriadeportiva.com\/index.php\/wp-json\/wp\/v2\/posts\/4910","targetHints":{"allow":["GET"]}}],"collection":[{"href":"https:\/\/trayectoriadeportiva.com\/index.php\/wp-json\/wp\/v2\/posts"}],"about":[{"href":"https:\/\/trayectoriadeportiva.com\/index.php\/wp-json\/wp\/v2\/types\/post"}],"replies":[{"embeddable":true,"href":"https:\/\/trayectoriadeportiva.com\/index.php\/wp-json\/wp\/v2\/comments?post=4910"}],"version-history":[{"count":0,"href":"https:\/\/trayectoriadeportiva.com\/index.php\/wp-json\/wp\/v2\/posts\/4910\/revisions"}],"wp:featuredmedia":[{"embeddable":true,"href":"https:\/\/trayectoriadeportiva.com\/index.php\/wp-json\/wp\/v2\/media\/4911"}],"wp:attachment":[{"href":"https:\/\/trayectoriadeportiva.com\/index.php\/wp-json\/wp\/v2\/media?parent=4910"}],"wp:term":[{"taxonomy":"category","embeddable":true,"href":"https:\/\/trayectoriadeportiva.com\/index.php\/wp-json\/wp\/v2\/categories?post=4910"},{"taxonomy":"post_tag","embeddable":true,"href":"https:\/\/trayectoriadeportiva.com\/index.php\/wp-json\/wp\/v2\/tags?post=4910"}],"curies":[{"name":"wp","href":"https:\/\/api.w.org\/{rel}","templated":true}]}}