{"id":4920,"date":"2023-12-28T11:17:32","date_gmt":"2023-12-28T11:17:32","guid":{"rendered":"https:\/\/trayectoriadeportiva.com\/index.php\/2023\/12\/28\/nadal-se-entrena-en-brisbane-ante-su-inminente-regreso-a-la-competicion\/"},"modified":"2023-12-28T11:17:32","modified_gmt":"2023-12-28T11:17:32","slug":"nadal-se-entrena-en-brisbane-ante-su-inminente-regreso-a-la-competicion","status":"publish","type":"post","link":"https:\/\/trayectoriadeportiva.com\/index.php\/2023\/12\/28\/nadal-se-entrena-en-brisbane-ante-su-inminente-regreso-a-la-competicion\/","title":{"rendered":"Nadal se entrena en Brisbane ante su inminente regreso a la competici\u00f3n"},"content":{"rendered":"<p><a href=\"https:\/\/www.lavanguardia.com\/deportes\/tenis\/20231201\/9421913\/nadal-reaparecera-torneo-brisbane-31-diciembre-tenis-un-ano-baja-novak-djokovic.html\" title=\"Nadal reaparecer\u00e1 en el torneo de Brisbane el 31 de diciembre\">\u201cHa llegado la hora de volver\u201d, anunci\u00f3 Rafa Nadal en sus redes sociales el pasado 1 de diciembre.<\/a> Este momento ya est\u00e1 aqu\u00ed. El tenista manacorense aterriz\u00f3 este jueves en Australia y se entren\u00f3 en las pistas del Queensland Tennis Centre de Brisbane para preparar su regreso a la competici\u00f3n. El 22 veces ganador de Grand Slam participar\u00e1 en un torneo oficial, el ATP 250 de Brisbane, por primera vez desde hace once meses.<\/p>\n<p><a href=\"https:\/\/www.lavanguardia.com\/deportes\/tenis\/20231228\/9479696\/nadal-entrena-brisbane-regreso-pistas-esta-vez-mas-cerca.html\">Seguir leyendo&#8230;<\/a><\/p>","protected":false},"excerpt":{"rendered":"<p>\u201cHa llegado la hora de volver\u201d, anunci\u00f3 Rafa Nadal en sus redes sociales el pasado 1 de diciembre. Este momento ya est\u00e1 aqu\u00ed. El tenista manacorense aterriz\u00f3 este jueves en Australia y se entren\u00f3 en las pistas del Queensland Tennis Centre de Brisbane para preparar su regreso a la competici\u00f3n. El 22 veces ganador de [&hellip;]<\/p>\n","protected":false},"author":0,"featured_media":4921,"comment_status":"","ping_status":"","sticky":false,"template":"","format":"standard","meta":{"_et_pb_use_builder":"","_et_pb_old_content":"","_et_gb_content_width":"","footnotes":""},"categories":[1],"tags":[],"class_list":["post-4920","post","type-post","status-publish","format-standard","has-post-thumbnail","hentry","category-blog","et-has-post-format-content","et_post_format-et-post-format-standard"],"_links":{"self":[{"href":"https:\/\/trayectoriadeportiva.com\/index.php\/wp-json\/wp\/v2\/posts\/4920","targetHints":{"allow":["GET"]}}],"collection":[{"href":"https:\/\/trayectoriadeportiva.com\/index.php\/wp-json\/wp\/v2\/posts"}],"about":[{"href":"https:\/\/trayectoriadeportiva.com\/index.php\/wp-json\/wp\/v2\/types\/post"}],"replies":[{"embeddable":true,"href":"https:\/\/trayectoriadeportiva.com\/index.php\/wp-json\/wp\/v2\/comments?post=4920"}],"version-history":[{"count":0,"href":"https:\/\/trayectoriadeportiva.com\/index.php\/wp-json\/wp\/v2\/posts\/4920\/revisions"}],"wp:featuredmedia":[{"embeddable":true,"href":"https:\/\/trayectoriadeportiva.com\/index.php\/wp-json\/wp\/v2\/media\/4921"}],"wp:attachment":[{"href":"https:\/\/trayectoriadeportiva.com\/index.php\/wp-json\/wp\/v2\/media?parent=4920"}],"wp:term":[{"taxonomy":"category","embeddable":true,"href":"https:\/\/trayectoriadeportiva.com\/index.php\/wp-json\/wp\/v2\/categories?post=4920"},{"taxonomy":"post_tag","embeddable":true,"href":"https:\/\/trayectoriadeportiva.com\/index.php\/wp-json\/wp\/v2\/tags?post=4920"}],"curies":[{"name":"wp","href":"https:\/\/api.w.org\/{rel}","templated":true}]}}