{"id":4982,"date":"2023-12-30T05:00:00","date_gmt":"2023-12-30T05:00:00","guid":{"rendered":"https:\/\/trayectoriadeportiva.com\/index.php\/2023\/12\/30\/vitor-roque-y-el-cuffing-season\/"},"modified":"2023-12-30T05:00:00","modified_gmt":"2023-12-30T05:00:00","slug":"vitor-roque-y-el-cuffing-season","status":"publish","type":"post","link":"https:\/\/trayectoriadeportiva.com\/index.php\/2023\/12\/30\/vitor-roque-y-el-cuffing-season\/","title":{"rendered":"Vitor Roque y el \u2018cuffing season\u2019"},"content":{"rendered":"<p>Hay palabrejas desde siempre y para todo en nuestro idioma. Pero a mediados de los noventa del siglo pasado decidimos acudir al ingl\u00e9s para robarles palabras y expresiones como si el espa\u00f1ol fuese un idioma minusv\u00e1lido. Tocaba a\u00f1adir una p\u00e1tina de sofisticaci\u00f3n a las obviedades para que cualquier cosa dicha pareciese m\u00e1s chic y moderna de lo que alcanza a serlo en nuestra lengua.<\/p>\n<p><a href=\"https:\/\/www.lavanguardia.com\/deportes\/fc-barcelona\/20231230\/9483056\/vitor-roque-cuffing-season.html\">Seguir leyendo&#8230;<\/a><\/p>","protected":false},"excerpt":{"rendered":"<p>Hay palabrejas desde siempre y para todo en nuestro idioma. Pero a mediados de los noventa del siglo pasado decidimos acudir al ingl\u00e9s para robarles palabras y expresiones como si el espa\u00f1ol fuese un idioma minusv\u00e1lido. Tocaba a\u00f1adir una p\u00e1tina de sofisticaci\u00f3n a las obviedades para que cualquier cosa dicha pareciese m\u00e1s chic y moderna [&hellip;]<\/p>\n","protected":false},"author":0,"featured_media":4983,"comment_status":"","ping_status":"","sticky":false,"template":"","format":"standard","meta":{"_et_pb_use_builder":"","_et_pb_old_content":"","_et_gb_content_width":"","footnotes":""},"categories":[1],"tags":[],"class_list":["post-4982","post","type-post","status-publish","format-standard","has-post-thumbnail","hentry","category-blog","et-has-post-format-content","et_post_format-et-post-format-standard"],"_links":{"self":[{"href":"https:\/\/trayectoriadeportiva.com\/index.php\/wp-json\/wp\/v2\/posts\/4982","targetHints":{"allow":["GET"]}}],"collection":[{"href":"https:\/\/trayectoriadeportiva.com\/index.php\/wp-json\/wp\/v2\/posts"}],"about":[{"href":"https:\/\/trayectoriadeportiva.com\/index.php\/wp-json\/wp\/v2\/types\/post"}],"replies":[{"embeddable":true,"href":"https:\/\/trayectoriadeportiva.com\/index.php\/wp-json\/wp\/v2\/comments?post=4982"}],"version-history":[{"count":0,"href":"https:\/\/trayectoriadeportiva.com\/index.php\/wp-json\/wp\/v2\/posts\/4982\/revisions"}],"wp:featuredmedia":[{"embeddable":true,"href":"https:\/\/trayectoriadeportiva.com\/index.php\/wp-json\/wp\/v2\/media\/4983"}],"wp:attachment":[{"href":"https:\/\/trayectoriadeportiva.com\/index.php\/wp-json\/wp\/v2\/media?parent=4982"}],"wp:term":[{"taxonomy":"category","embeddable":true,"href":"https:\/\/trayectoriadeportiva.com\/index.php\/wp-json\/wp\/v2\/categories?post=4982"},{"taxonomy":"post_tag","embeddable":true,"href":"https:\/\/trayectoriadeportiva.com\/index.php\/wp-json\/wp\/v2\/tags?post=4982"}],"curies":[{"name":"wp","href":"https:\/\/api.w.org\/{rel}","templated":true}]}}