{"id":5002,"date":"2023-12-30T12:34:18","date_gmt":"2023-12-30T12:34:18","guid":{"rendered":"https:\/\/trayectoriadeportiva.com\/index.php\/2023\/12\/30\/sin-nieve-y-sin-juegos-en-catalunya\/"},"modified":"2023-12-30T12:34:18","modified_gmt":"2023-12-30T12:34:18","slug":"sin-nieve-y-sin-juegos-en-catalunya","status":"publish","type":"post","link":"https:\/\/trayectoriadeportiva.com\/index.php\/2023\/12\/30\/sin-nieve-y-sin-juegos-en-catalunya\/","title":{"rendered":"Sin nieve y sin Juegos en Catalunya"},"content":{"rendered":"<p>En medio de una monumental sequ\u00eda, con el uso del agua cada vez m\u00e1s amenazado y despu\u00e9s de a\u00f1os y a\u00f1os de falta de acuerdo pol\u00edtico, lo que deriv\u00f3 en la ruptura de la candidatura conjunta de Arag\u00f3n y Catalunya, la Generalitat ya asume que no vale la pena pensar en unos Juegos Ol\u00edmpicos de invierno para los Pirineos. Aunque todav\u00eda no es oficial todo apunta a que en 2030 esos Juegos a los que aspiraba Catalunya se realizar\u00e1n en los Alpes franceses mientras en 2034 ser\u00eda el turno de Salt Lake City (Estados Unidos) y en 2038 el de los Alpes suizos.<\/p>\n<p><a href=\"https:\/\/www.lavanguardia.com\/deportes\/olimpiadas\/20231230\/9484378\/juegos-catalunya-pirineos-coe.html\">Seguir leyendo&#8230;<\/a><\/p>","protected":false},"excerpt":{"rendered":"<p>En medio de una monumental sequ\u00eda, con el uso del agua cada vez m\u00e1s amenazado y despu\u00e9s de a\u00f1os y a\u00f1os de falta de acuerdo pol\u00edtico, lo que deriv\u00f3 en la ruptura de la candidatura conjunta de Arag\u00f3n y Catalunya, la Generalitat ya asume que no vale la pena pensar en unos Juegos Ol\u00edmpicos de [&hellip;]<\/p>\n","protected":false},"author":0,"featured_media":5003,"comment_status":"","ping_status":"","sticky":false,"template":"","format":"standard","meta":{"_et_pb_use_builder":"","_et_pb_old_content":"","_et_gb_content_width":"","footnotes":""},"categories":[1],"tags":[],"class_list":["post-5002","post","type-post","status-publish","format-standard","has-post-thumbnail","hentry","category-blog","et-has-post-format-content","et_post_format-et-post-format-standard"],"_links":{"self":[{"href":"https:\/\/trayectoriadeportiva.com\/index.php\/wp-json\/wp\/v2\/posts\/5002","targetHints":{"allow":["GET"]}}],"collection":[{"href":"https:\/\/trayectoriadeportiva.com\/index.php\/wp-json\/wp\/v2\/posts"}],"about":[{"href":"https:\/\/trayectoriadeportiva.com\/index.php\/wp-json\/wp\/v2\/types\/post"}],"replies":[{"embeddable":true,"href":"https:\/\/trayectoriadeportiva.com\/index.php\/wp-json\/wp\/v2\/comments?post=5002"}],"version-history":[{"count":0,"href":"https:\/\/trayectoriadeportiva.com\/index.php\/wp-json\/wp\/v2\/posts\/5002\/revisions"}],"wp:featuredmedia":[{"embeddable":true,"href":"https:\/\/trayectoriadeportiva.com\/index.php\/wp-json\/wp\/v2\/media\/5003"}],"wp:attachment":[{"href":"https:\/\/trayectoriadeportiva.com\/index.php\/wp-json\/wp\/v2\/media?parent=5002"}],"wp:term":[{"taxonomy":"category","embeddable":true,"href":"https:\/\/trayectoriadeportiva.com\/index.php\/wp-json\/wp\/v2\/categories?post=5002"},{"taxonomy":"post_tag","embeddable":true,"href":"https:\/\/trayectoriadeportiva.com\/index.php\/wp-json\/wp\/v2\/tags?post=5002"}],"curies":[{"name":"wp","href":"https:\/\/api.w.org\/{rel}","templated":true}]}}