{"id":5026,"date":"2023-12-30T16:41:54","date_gmt":"2023-12-30T16:41:54","guid":{"rendered":"https:\/\/trayectoriadeportiva.com\/index.php\/2023\/12\/30\/van-der-poel-escupe-al-publico-durante-su-marcha-triunfal-en-hulst\/"},"modified":"2023-12-30T16:41:54","modified_gmt":"2023-12-30T16:41:54","slug":"van-der-poel-escupe-al-publico-durante-su-marcha-triunfal-en-hulst","status":"publish","type":"post","link":"https:\/\/trayectoriadeportiva.com\/index.php\/2023\/12\/30\/van-der-poel-escupe-al-publico-durante-su-marcha-triunfal-en-hulst\/","title":{"rendered":"Van der Poel escupe al p\u00fablico durante su marcha triunfal en Hulst"},"content":{"rendered":"<p>El neerland\u00e9s Mathieu van der Poel gan\u00f3 este s\u00e1bado la und\u00e9cima prueba de la Copa del Mundo de ciclocr\u00f3s, disputada en Hulst (Pa\u00edses Bajos), para continuar con su marcha triunfal en una temporada en la que ha ganado siete carreras en quince d\u00edas, tres de ellas de manera consecutiva en el principal circuito. Todas las que ha disputado.<\/p>\n<p><a href=\"https:\/\/www.lavanguardia.com\/deportes\/ciclismo\/20231230\/9484623\/der-poel-prosigue-hulst-marcha-triunfal.html\">Seguir leyendo&#8230;<\/a><\/p>","protected":false},"excerpt":{"rendered":"<p>El neerland\u00e9s Mathieu van der Poel gan\u00f3 este s\u00e1bado la und\u00e9cima prueba de la Copa del Mundo de ciclocr\u00f3s, disputada en Hulst (Pa\u00edses Bajos), para continuar con su marcha triunfal en una temporada en la que ha ganado siete carreras en quince d\u00edas, tres de ellas de manera consecutiva en el principal circuito. Todas las [&hellip;]<\/p>\n","protected":false},"author":0,"featured_media":5027,"comment_status":"","ping_status":"","sticky":false,"template":"","format":"standard","meta":{"_et_pb_use_builder":"","_et_pb_old_content":"","_et_gb_content_width":"","footnotes":""},"categories":[1],"tags":[],"class_list":["post-5026","post","type-post","status-publish","format-standard","has-post-thumbnail","hentry","category-blog","et-has-post-format-content","et_post_format-et-post-format-standard"],"_links":{"self":[{"href":"https:\/\/trayectoriadeportiva.com\/index.php\/wp-json\/wp\/v2\/posts\/5026","targetHints":{"allow":["GET"]}}],"collection":[{"href":"https:\/\/trayectoriadeportiva.com\/index.php\/wp-json\/wp\/v2\/posts"}],"about":[{"href":"https:\/\/trayectoriadeportiva.com\/index.php\/wp-json\/wp\/v2\/types\/post"}],"replies":[{"embeddable":true,"href":"https:\/\/trayectoriadeportiva.com\/index.php\/wp-json\/wp\/v2\/comments?post=5026"}],"version-history":[{"count":0,"href":"https:\/\/trayectoriadeportiva.com\/index.php\/wp-json\/wp\/v2\/posts\/5026\/revisions"}],"wp:featuredmedia":[{"embeddable":true,"href":"https:\/\/trayectoriadeportiva.com\/index.php\/wp-json\/wp\/v2\/media\/5027"}],"wp:attachment":[{"href":"https:\/\/trayectoriadeportiva.com\/index.php\/wp-json\/wp\/v2\/media?parent=5026"}],"wp:term":[{"taxonomy":"category","embeddable":true,"href":"https:\/\/trayectoriadeportiva.com\/index.php\/wp-json\/wp\/v2\/categories?post=5026"},{"taxonomy":"post_tag","embeddable":true,"href":"https:\/\/trayectoriadeportiva.com\/index.php\/wp-json\/wp\/v2\/tags?post=5026"}],"curies":[{"name":"wp","href":"https:\/\/api.w.org\/{rel}","templated":true}]}}