{"id":5034,"date":"2023-12-30T23:05:00","date_gmt":"2023-12-30T23:05:00","guid":{"rendered":"https:\/\/trayectoriadeportiva.com\/index.php\/2023\/12\/30\/el-barca-y-su-virus-fatalista-2\/"},"modified":"2023-12-30T23:05:00","modified_gmt":"2023-12-30T23:05:00","slug":"el-barca-y-su-virus-fatalista-2","status":"publish","type":"post","link":"https:\/\/trayectoriadeportiva.com\/index.php\/2023\/12\/30\/el-barca-y-su-virus-fatalista-2\/","title":{"rendered":"El Bar\u00e7a y su virus fatalista"},"content":{"rendered":"<p>Un extra\u00f1o fatalismo se ha apoderado del Bar\u00e7a, que camina por la temporada entre cr\u00edticas y algunos sobresaltos, nada que le haya despachado de Europa, ni de la revalidaci\u00f3n del t\u00edtulo. Pero el aire es mustio en el equipo, en el club y en la hinchada. Donde se pueden detectar aspectos positivos, se prefiere ahondar en las cosas negativas. Se impone la autoflagelaci\u00f3n al optimismo, se duda del entrenador y de los jugadores. Todo empuja a la melancol\u00eda. Molesta Montju\u00efc por inc\u00f3modo, desapacible y peque\u00f1o. Preocupa el d\u00e9ficit goleador de Lewandowski. Disgusta el rendimiento de los fichajes. Entristece el desempe\u00f1o general del equipo. Se cuestiona a Xavi, que acude a las conferencias de prensa como un reo y trata de defenderse como puede. Y, claro, molesta ver al Girona un buen palmo por encima en la clasificaci\u00f3n.<\/p>\n<p><a href=\"https:\/\/www.lavanguardia.com\/deportes\/20231231\/9485089\/barca-virus-fatalista.html\">Seguir leyendo&#8230;<\/a><\/p>","protected":false},"excerpt":{"rendered":"<p>Un extra\u00f1o fatalismo se ha apoderado del Bar\u00e7a, que camina por la temporada entre cr\u00edticas y algunos sobresaltos, nada que le haya despachado de Europa, ni de la revalidaci\u00f3n del t\u00edtulo. Pero el aire es mustio en el equipo, en el club y en la hinchada. Donde se pueden detectar aspectos positivos, se prefiere ahondar [&hellip;]<\/p>\n","protected":false},"author":0,"featured_media":5033,"comment_status":"","ping_status":"","sticky":false,"template":"","format":"standard","meta":{"_et_pb_use_builder":"","_et_pb_old_content":"","_et_gb_content_width":"","footnotes":""},"categories":[1],"tags":[],"class_list":["post-5034","post","type-post","status-publish","format-standard","has-post-thumbnail","hentry","category-blog","et-has-post-format-content","et_post_format-et-post-format-standard"],"_links":{"self":[{"href":"https:\/\/trayectoriadeportiva.com\/index.php\/wp-json\/wp\/v2\/posts\/5034","targetHints":{"allow":["GET"]}}],"collection":[{"href":"https:\/\/trayectoriadeportiva.com\/index.php\/wp-json\/wp\/v2\/posts"}],"about":[{"href":"https:\/\/trayectoriadeportiva.com\/index.php\/wp-json\/wp\/v2\/types\/post"}],"replies":[{"embeddable":true,"href":"https:\/\/trayectoriadeportiva.com\/index.php\/wp-json\/wp\/v2\/comments?post=5034"}],"version-history":[{"count":0,"href":"https:\/\/trayectoriadeportiva.com\/index.php\/wp-json\/wp\/v2\/posts\/5034\/revisions"}],"wp:featuredmedia":[{"embeddable":true,"href":"https:\/\/trayectoriadeportiva.com\/index.php\/wp-json\/wp\/v2\/media\/5033"}],"wp:attachment":[{"href":"https:\/\/trayectoriadeportiva.com\/index.php\/wp-json\/wp\/v2\/media?parent=5034"}],"wp:term":[{"taxonomy":"category","embeddable":true,"href":"https:\/\/trayectoriadeportiva.com\/index.php\/wp-json\/wp\/v2\/categories?post=5034"},{"taxonomy":"post_tag","embeddable":true,"href":"https:\/\/trayectoriadeportiva.com\/index.php\/wp-json\/wp\/v2\/tags?post=5034"}],"curies":[{"name":"wp","href":"https:\/\/api.w.org\/{rel}","templated":true}]}}