{"id":5037,"date":"2023-12-30T23:05:00","date_gmt":"2023-12-30T23:05:00","guid":{"rendered":"https:\/\/trayectoriadeportiva.com\/index.php\/2023\/12\/30\/sara-gutierrez-la-alcaldesa-del-vivac\/"},"modified":"2023-12-30T23:05:00","modified_gmt":"2023-12-30T23:05:00","slug":"sara-gutierrez-la-alcaldesa-del-vivac","status":"publish","type":"post","link":"https:\/\/trayectoriadeportiva.com\/index.php\/2023\/12\/30\/sara-gutierrez-la-alcaldesa-del-vivac\/","title":{"rendered":"Sara Guti\u00e9rrez, la alcaldesa del vivac"},"content":{"rendered":"<p>Pocas personas en la caravana del rally profesan la devoci\u00f3n y amor al Dakar como Sara Guti\u00e9rrez en solo dos a\u00f1os de experiencias sobre el terreno. En su caso, como intr\u00e9pida reportera de radio y televisi\u00f3n para RTVE&#8230; y como \u201calcaldesa del vivac\u201d. As\u00ed la llaman cari\u00f1osamente los pilotos, mec\u00e1nicos y compa\u00f1eros de la familia del Dakar desde que la vieron pasear por la calle principal del campamento ambulante, hablando con participantes, pactando una entrevista o interes\u00e1ndose por la suerte de un corredor&#8230;<\/p>\n<p><a href=\"https:\/\/www.lavanguardia.com\/deportes\/20231231\/9485048\/sara-gutierrez-rtve-dakar-alcaldesa-vivac.html\">Seguir leyendo&#8230;<\/a><\/p>","protected":false},"excerpt":{"rendered":"<p>Pocas personas en la caravana del rally profesan la devoci\u00f3n y amor al Dakar como Sara Guti\u00e9rrez en solo dos a\u00f1os de experiencias sobre el terreno. En su caso, como intr\u00e9pida reportera de radio y televisi\u00f3n para RTVE&#8230; y como \u201calcaldesa del vivac\u201d. As\u00ed la llaman cari\u00f1osamente los pilotos, mec\u00e1nicos y compa\u00f1eros de la familia [&hellip;]<\/p>\n","protected":false},"author":0,"featured_media":5038,"comment_status":"","ping_status":"","sticky":false,"template":"","format":"standard","meta":{"_et_pb_use_builder":"","_et_pb_old_content":"","_et_gb_content_width":"","footnotes":""},"categories":[1],"tags":[],"class_list":["post-5037","post","type-post","status-publish","format-standard","has-post-thumbnail","hentry","category-blog","et-has-post-format-content","et_post_format-et-post-format-standard"],"_links":{"self":[{"href":"https:\/\/trayectoriadeportiva.com\/index.php\/wp-json\/wp\/v2\/posts\/5037","targetHints":{"allow":["GET"]}}],"collection":[{"href":"https:\/\/trayectoriadeportiva.com\/index.php\/wp-json\/wp\/v2\/posts"}],"about":[{"href":"https:\/\/trayectoriadeportiva.com\/index.php\/wp-json\/wp\/v2\/types\/post"}],"replies":[{"embeddable":true,"href":"https:\/\/trayectoriadeportiva.com\/index.php\/wp-json\/wp\/v2\/comments?post=5037"}],"version-history":[{"count":0,"href":"https:\/\/trayectoriadeportiva.com\/index.php\/wp-json\/wp\/v2\/posts\/5037\/revisions"}],"wp:featuredmedia":[{"embeddable":true,"href":"https:\/\/trayectoriadeportiva.com\/index.php\/wp-json\/wp\/v2\/media\/5038"}],"wp:attachment":[{"href":"https:\/\/trayectoriadeportiva.com\/index.php\/wp-json\/wp\/v2\/media?parent=5037"}],"wp:term":[{"taxonomy":"category","embeddable":true,"href":"https:\/\/trayectoriadeportiva.com\/index.php\/wp-json\/wp\/v2\/categories?post=5037"},{"taxonomy":"post_tag","embeddable":true,"href":"https:\/\/trayectoriadeportiva.com\/index.php\/wp-json\/wp\/v2\/tags?post=5037"}],"curies":[{"name":"wp","href":"https:\/\/api.w.org\/{rel}","templated":true}]}}