{"id":506,"date":"2023-09-28T11:51:35","date_gmt":"2023-09-28T11:51:35","guid":{"rendered":"https:\/\/trayectoriadeportiva.com\/index.php\/2023\/09\/28\/xavi-antes-parecia-que-todo-perfecto-y-no-lo-era-y-ahora-no-todo-es-malo\/"},"modified":"2023-09-28T11:51:35","modified_gmt":"2023-09-28T11:51:35","slug":"xavi-antes-parecia-que-todo-perfecto-y-no-lo-era-y-ahora-no-todo-es-malo","status":"publish","type":"post","link":"https:\/\/trayectoriadeportiva.com\/index.php\/2023\/09\/28\/xavi-antes-parecia-que-todo-perfecto-y-no-lo-era-y-ahora-no-todo-es-malo\/","title":{"rendered":"Xavi: \u201cAntes parec\u00eda que todo perfecto y no lo era, y ahora no todo es malo\u201d"},"content":{"rendered":"<p>Pocas personas conocen el entorno del Barcelona como Xavi Hern\u00e1ndez. No hay t\u00e9rmino medio en un club ciclot\u00edmico. Y el entrenador, tras analizar <a href=\"https:\/\/www.lavanguardia.com\/deportes\/fc-barcelona\/20230926\/9255721\/mallorca-barca-liga-ea-sports-resumen.html\">el partido contra el Mallorca (2-2),<\/a> explic\u00f3 que no hay que caer en el alarmismo por haber perdido el liderato de la Liga. \u201cEn esta casa un empate es una alarma. No hicimos un mal partido en Mallorca\u201d, recalc\u00f3. Por eso, considera importante ganar al Sevilla en Montju\u00efc. \u201cNecesitamos volver a las buenas sensaciones y a la victoria\u201d<\/p>\n<p><a href=\"https:\/\/www.lavanguardia.com\/deportes\/fc-barcelona\/20230928\/9260154\/xavi-parecia-perfecto-malo.html\">Seguir leyendo&#8230;<\/a><\/p>","protected":false},"excerpt":{"rendered":"<p>Pocas personas conocen el entorno del Barcelona como Xavi Hern\u00e1ndez. No hay t\u00e9rmino medio en un club ciclot\u00edmico. Y el entrenador, tras analizar el partido contra el Mallorca (2-2), explic\u00f3 que no hay que caer en el alarmismo por haber perdido el liderato de la Liga. \u201cEn esta casa un empate es una alarma. No [&hellip;]<\/p>\n","protected":false},"author":0,"featured_media":507,"comment_status":"","ping_status":"","sticky":false,"template":"","format":"standard","meta":{"_et_pb_use_builder":"","_et_pb_old_content":"","_et_gb_content_width":"","footnotes":""},"categories":[1],"tags":[],"class_list":["post-506","post","type-post","status-publish","format-standard","has-post-thumbnail","hentry","category-blog","et-has-post-format-content","et_post_format-et-post-format-standard"],"_links":{"self":[{"href":"https:\/\/trayectoriadeportiva.com\/index.php\/wp-json\/wp\/v2\/posts\/506","targetHints":{"allow":["GET"]}}],"collection":[{"href":"https:\/\/trayectoriadeportiva.com\/index.php\/wp-json\/wp\/v2\/posts"}],"about":[{"href":"https:\/\/trayectoriadeportiva.com\/index.php\/wp-json\/wp\/v2\/types\/post"}],"replies":[{"embeddable":true,"href":"https:\/\/trayectoriadeportiva.com\/index.php\/wp-json\/wp\/v2\/comments?post=506"}],"version-history":[{"count":0,"href":"https:\/\/trayectoriadeportiva.com\/index.php\/wp-json\/wp\/v2\/posts\/506\/revisions"}],"wp:featuredmedia":[{"embeddable":true,"href":"https:\/\/trayectoriadeportiva.com\/index.php\/wp-json\/wp\/v2\/media\/507"}],"wp:attachment":[{"href":"https:\/\/trayectoriadeportiva.com\/index.php\/wp-json\/wp\/v2\/media?parent=506"}],"wp:term":[{"taxonomy":"category","embeddable":true,"href":"https:\/\/trayectoriadeportiva.com\/index.php\/wp-json\/wp\/v2\/categories?post=506"},{"taxonomy":"post_tag","embeddable":true,"href":"https:\/\/trayectoriadeportiva.com\/index.php\/wp-json\/wp\/v2\/tags?post=506"}],"curies":[{"name":"wp","href":"https:\/\/api.w.org\/{rel}","templated":true}]}}