{"id":5084,"date":"2024-01-01T15:51:54","date_gmt":"2024-01-01T15:51:54","guid":{"rendered":"https:\/\/trayectoriadeportiva.com\/index.php\/2024\/01\/01\/marc-marquez-salto-a-la-moto-campeona-asi-que-esta-en-mis-manos\/"},"modified":"2024-01-01T15:51:54","modified_gmt":"2024-01-01T15:51:54","slug":"marc-marquez-salto-a-la-moto-campeona-asi-que-esta-en-mis-manos","status":"publish","type":"post","link":"https:\/\/trayectoriadeportiva.com\/index.php\/2024\/01\/01\/marc-marquez-salto-a-la-moto-campeona-asi-que-esta-en-mis-manos\/","title":{"rendered":"Marc M\u00e1rquez: \u201cSalto a la moto campeona as\u00ed que est\u00e1 en mis manos\u201d"},"content":{"rendered":"<p>Marc M\u00e1rquez se estrena esta temporada con la Ducati despu\u00e9s de fichar por Gresini Racing. Y las sensaciones no pueden ser mejores. En una entrevista con Dazn, el piloto catal\u00e1n explic\u00f3 que en el test realizado el pasado 28 de noviembre en Cheste, justo despu\u00e9s de la conclusi\u00f3n del Mundial de MotoGP, sus sensaciones fueron muy buenas con la nueva moto.<\/p>\n<p><a href=\"https:\/\/www.lavanguardia.com\/deportes\/motociclismo\/20240101\/9486912\/marquez-ducati-moto-campeona.html\">Seguir leyendo&#8230;<\/a><\/p>","protected":false},"excerpt":{"rendered":"<p>Marc M\u00e1rquez se estrena esta temporada con la Ducati despu\u00e9s de fichar por Gresini Racing. Y las sensaciones no pueden ser mejores. En una entrevista con Dazn, el piloto catal\u00e1n explic\u00f3 que en el test realizado el pasado 28 de noviembre en Cheste, justo despu\u00e9s de la conclusi\u00f3n del Mundial de MotoGP, sus sensaciones fueron [&hellip;]<\/p>\n","protected":false},"author":0,"featured_media":5085,"comment_status":"","ping_status":"","sticky":false,"template":"","format":"standard","meta":{"_et_pb_use_builder":"","_et_pb_old_content":"","_et_gb_content_width":"","footnotes":""},"categories":[1],"tags":[],"class_list":["post-5084","post","type-post","status-publish","format-standard","has-post-thumbnail","hentry","category-blog","et-has-post-format-content","et_post_format-et-post-format-standard"],"_links":{"self":[{"href":"https:\/\/trayectoriadeportiva.com\/index.php\/wp-json\/wp\/v2\/posts\/5084","targetHints":{"allow":["GET"]}}],"collection":[{"href":"https:\/\/trayectoriadeportiva.com\/index.php\/wp-json\/wp\/v2\/posts"}],"about":[{"href":"https:\/\/trayectoriadeportiva.com\/index.php\/wp-json\/wp\/v2\/types\/post"}],"replies":[{"embeddable":true,"href":"https:\/\/trayectoriadeportiva.com\/index.php\/wp-json\/wp\/v2\/comments?post=5084"}],"version-history":[{"count":0,"href":"https:\/\/trayectoriadeportiva.com\/index.php\/wp-json\/wp\/v2\/posts\/5084\/revisions"}],"wp:featuredmedia":[{"embeddable":true,"href":"https:\/\/trayectoriadeportiva.com\/index.php\/wp-json\/wp\/v2\/media\/5085"}],"wp:attachment":[{"href":"https:\/\/trayectoriadeportiva.com\/index.php\/wp-json\/wp\/v2\/media?parent=5084"}],"wp:term":[{"taxonomy":"category","embeddable":true,"href":"https:\/\/trayectoriadeportiva.com\/index.php\/wp-json\/wp\/v2\/categories?post=5084"},{"taxonomy":"post_tag","embeddable":true,"href":"https:\/\/trayectoriadeportiva.com\/index.php\/wp-json\/wp\/v2\/tags?post=5084"}],"curies":[{"name":"wp","href":"https:\/\/api.w.org\/{rel}","templated":true}]}}