{"id":5129,"date":"2024-01-03T05:00:00","date_gmt":"2024-01-03T05:00:00","guid":{"rendered":"https:\/\/trayectoriadeportiva.com\/index.php\/2024\/01\/03\/a-fregar-platos-a-la-cocina\/"},"modified":"2024-01-03T05:00:00","modified_gmt":"2024-01-03T05:00:00","slug":"a-fregar-platos-a-la-cocina","status":"publish","type":"post","link":"https:\/\/trayectoriadeportiva.com\/index.php\/2024\/01\/03\/a-fregar-platos-a-la-cocina\/","title":{"rendered":"\u00a1A fregar platos a la cocina!"},"content":{"rendered":"<p>Cuando Carmen Valero gan\u00f3 sus dos mundiales de campo a trav\u00e9s en 1976 y 1977 o particip\u00f3 en los Juegos Ol\u00edmpicos que arruinaron Montreal en 1976 \u2013<a href=\"https:\/\/www.lavanguardia.com\/deportes\/20240102\/9487518\/muere-68-anos-carmen-valero-primera-atleta-olimpica-espanola.html\">la primera espa\u00f1ola en una cita ol\u00edmpica<\/a>\u2013, este pa\u00eds ten\u00eda una extra\u00f1a relaci\u00f3n con el deporte. Muy extra\u00f1a.<\/p>\n<p><a href=\"https:\/\/www.lavanguardia.com\/deportes\/20240103\/9487908\/fregar-platos-cocina.html\">Seguir leyendo&#8230;<\/a><\/p>","protected":false},"excerpt":{"rendered":"<p>Cuando Carmen Valero gan\u00f3 sus dos mundiales de campo a trav\u00e9s en 1976 y 1977 o particip\u00f3 en los Juegos Ol\u00edmpicos que arruinaron Montreal en 1976 \u2013la primera espa\u00f1ola en una cita ol\u00edmpica\u2013, este pa\u00eds ten\u00eda una extra\u00f1a relaci\u00f3n con el deporte. Muy extra\u00f1a. Seguir leyendo&#8230;<\/p>\n","protected":false},"author":0,"featured_media":5130,"comment_status":"","ping_status":"","sticky":false,"template":"","format":"standard","meta":{"_et_pb_use_builder":"","_et_pb_old_content":"","_et_gb_content_width":"","footnotes":""},"categories":[1],"tags":[],"class_list":["post-5129","post","type-post","status-publish","format-standard","has-post-thumbnail","hentry","category-blog","et-has-post-format-content","et_post_format-et-post-format-standard"],"_links":{"self":[{"href":"https:\/\/trayectoriadeportiva.com\/index.php\/wp-json\/wp\/v2\/posts\/5129","targetHints":{"allow":["GET"]}}],"collection":[{"href":"https:\/\/trayectoriadeportiva.com\/index.php\/wp-json\/wp\/v2\/posts"}],"about":[{"href":"https:\/\/trayectoriadeportiva.com\/index.php\/wp-json\/wp\/v2\/types\/post"}],"replies":[{"embeddable":true,"href":"https:\/\/trayectoriadeportiva.com\/index.php\/wp-json\/wp\/v2\/comments?post=5129"}],"version-history":[{"count":0,"href":"https:\/\/trayectoriadeportiva.com\/index.php\/wp-json\/wp\/v2\/posts\/5129\/revisions"}],"wp:featuredmedia":[{"embeddable":true,"href":"https:\/\/trayectoriadeportiva.com\/index.php\/wp-json\/wp\/v2\/media\/5130"}],"wp:attachment":[{"href":"https:\/\/trayectoriadeportiva.com\/index.php\/wp-json\/wp\/v2\/media?parent=5129"}],"wp:term":[{"taxonomy":"category","embeddable":true,"href":"https:\/\/trayectoriadeportiva.com\/index.php\/wp-json\/wp\/v2\/categories?post=5129"},{"taxonomy":"post_tag","embeddable":true,"href":"https:\/\/trayectoriadeportiva.com\/index.php\/wp-json\/wp\/v2\/tags?post=5129"}],"curies":[{"name":"wp","href":"https:\/\/api.w.org\/{rel}","templated":true}]}}