{"id":5255,"date":"2024-01-05T12:57:28","date_gmt":"2024-01-05T12:57:28","guid":{"rendered":"https:\/\/trayectoriadeportiva.com\/index.php\/2024\/01\/05\/cancelo-sufre-una-distension-en-un-ligamento-de-la-rodilla\/"},"modified":"2024-01-05T12:57:28","modified_gmt":"2024-01-05T12:57:28","slug":"cancelo-sufre-una-distension-en-un-ligamento-de-la-rodilla","status":"publish","type":"post","link":"https:\/\/trayectoriadeportiva.com\/index.php\/2024\/01\/05\/cancelo-sufre-una-distension-en-un-ligamento-de-la-rodilla\/","title":{"rendered":"Cancelo sufre una distensi\u00f3n en un ligamento de la rodilla"},"content":{"rendered":"<p>El defensa portugu\u00e9s del Barcelona Joao Cancelo sufre una distensi\u00f3n en el ligamento lateral interno de la rodilla derecha y desde el club azulgrana no se aventuran a determinar el periodo que estar\u00e1 de baja.<\/p>\n<p><a href=\"https:\/\/www.lavanguardia.com\/deportes\/fc-barcelona\/20240105\/9490044\/cancelo-sufre-distension-ligamento-rodilla.html\">Seguir leyendo&#8230;<\/a><\/p>","protected":false},"excerpt":{"rendered":"<p>El defensa portugu\u00e9s del Barcelona Joao Cancelo sufre una distensi\u00f3n en el ligamento lateral interno de la rodilla derecha y desde el club azulgrana no se aventuran a determinar el periodo que estar\u00e1 de baja. Seguir leyendo&#8230;<\/p>\n","protected":false},"author":0,"featured_media":5256,"comment_status":"","ping_status":"","sticky":false,"template":"","format":"standard","meta":{"_et_pb_use_builder":"","_et_pb_old_content":"","_et_gb_content_width":"","footnotes":""},"categories":[1],"tags":[],"class_list":["post-5255","post","type-post","status-publish","format-standard","has-post-thumbnail","hentry","category-blog","et-has-post-format-content","et_post_format-et-post-format-standard"],"_links":{"self":[{"href":"https:\/\/trayectoriadeportiva.com\/index.php\/wp-json\/wp\/v2\/posts\/5255","targetHints":{"allow":["GET"]}}],"collection":[{"href":"https:\/\/trayectoriadeportiva.com\/index.php\/wp-json\/wp\/v2\/posts"}],"about":[{"href":"https:\/\/trayectoriadeportiva.com\/index.php\/wp-json\/wp\/v2\/types\/post"}],"replies":[{"embeddable":true,"href":"https:\/\/trayectoriadeportiva.com\/index.php\/wp-json\/wp\/v2\/comments?post=5255"}],"version-history":[{"count":0,"href":"https:\/\/trayectoriadeportiva.com\/index.php\/wp-json\/wp\/v2\/posts\/5255\/revisions"}],"wp:featuredmedia":[{"embeddable":true,"href":"https:\/\/trayectoriadeportiva.com\/index.php\/wp-json\/wp\/v2\/media\/5256"}],"wp:attachment":[{"href":"https:\/\/trayectoriadeportiva.com\/index.php\/wp-json\/wp\/v2\/media?parent=5255"}],"wp:term":[{"taxonomy":"category","embeddable":true,"href":"https:\/\/trayectoriadeportiva.com\/index.php\/wp-json\/wp\/v2\/categories?post=5255"},{"taxonomy":"post_tag","embeddable":true,"href":"https:\/\/trayectoriadeportiva.com\/index.php\/wp-json\/wp\/v2\/tags?post=5255"}],"curies":[{"name":"wp","href":"https:\/\/api.w.org\/{rel}","templated":true}]}}