{"id":5277,"date":"2024-01-06T05:00:00","date_gmt":"2024-01-06T05:00:00","guid":{"rendered":"https:\/\/trayectoriadeportiva.com\/index.php\/2024\/01\/06\/el-girona-atraccion-copera\/"},"modified":"2024-01-06T05:00:00","modified_gmt":"2024-01-06T05:00:00","slug":"el-girona-atraccion-copera","status":"publish","type":"post","link":"https:\/\/trayectoriadeportiva.com\/index.php\/2024\/01\/06\/el-girona-atraccion-copera\/","title":{"rendered":"El Girona, atracci\u00f3n copera"},"content":{"rendered":"<p>El Girona aparca su brillant\u00edsima andadura en la Liga para volver a la Copa del Rey, donde busca avanzar a los octavos de final, para lo que tiene que eliminar al Elche a partido \u00fanico en el estadio Mart\u00ednez Valero. Los ilicitanos marchan en la mitad de la tabla en Segunda, tras una campa\u00f1a marcada por la irregularidad.<\/p>\n<p><a href=\"https:\/\/www.lavanguardia.com\/deportes\/futbol\/20240106\/9490265\/girona-atraccion-copera.html\">Seguir leyendo&#8230;<\/a><\/p>","protected":false},"excerpt":{"rendered":"<p>El Girona aparca su brillant\u00edsima andadura en la Liga para volver a la Copa del Rey, donde busca avanzar a los octavos de final, para lo que tiene que eliminar al Elche a partido \u00fanico en el estadio Mart\u00ednez Valero. Los ilicitanos marchan en la mitad de la tabla en Segunda, tras una campa\u00f1a marcada [&hellip;]<\/p>\n","protected":false},"author":0,"featured_media":5278,"comment_status":"","ping_status":"","sticky":false,"template":"","format":"standard","meta":{"_et_pb_use_builder":"","_et_pb_old_content":"","_et_gb_content_width":"","footnotes":""},"categories":[1],"tags":[],"class_list":["post-5277","post","type-post","status-publish","format-standard","has-post-thumbnail","hentry","category-blog","et-has-post-format-content","et_post_format-et-post-format-standard"],"_links":{"self":[{"href":"https:\/\/trayectoriadeportiva.com\/index.php\/wp-json\/wp\/v2\/posts\/5277","targetHints":{"allow":["GET"]}}],"collection":[{"href":"https:\/\/trayectoriadeportiva.com\/index.php\/wp-json\/wp\/v2\/posts"}],"about":[{"href":"https:\/\/trayectoriadeportiva.com\/index.php\/wp-json\/wp\/v2\/types\/post"}],"replies":[{"embeddable":true,"href":"https:\/\/trayectoriadeportiva.com\/index.php\/wp-json\/wp\/v2\/comments?post=5277"}],"version-history":[{"count":0,"href":"https:\/\/trayectoriadeportiva.com\/index.php\/wp-json\/wp\/v2\/posts\/5277\/revisions"}],"wp:featuredmedia":[{"embeddable":true,"href":"https:\/\/trayectoriadeportiva.com\/index.php\/wp-json\/wp\/v2\/media\/5278"}],"wp:attachment":[{"href":"https:\/\/trayectoriadeportiva.com\/index.php\/wp-json\/wp\/v2\/media?parent=5277"}],"wp:term":[{"taxonomy":"category","embeddable":true,"href":"https:\/\/trayectoriadeportiva.com\/index.php\/wp-json\/wp\/v2\/categories?post=5277"},{"taxonomy":"post_tag","embeddable":true,"href":"https:\/\/trayectoriadeportiva.com\/index.php\/wp-json\/wp\/v2\/tags?post=5277"}],"curies":[{"name":"wp","href":"https:\/\/api.w.org\/{rel}","templated":true}]}}