{"id":5452,"date":"2024-01-09T18:51:40","date_gmt":"2024-01-09T18:51:40","guid":{"rendered":"https:\/\/trayectoriadeportiva.com\/index.php\/2024\/01\/09\/gerard-pique-vuelvo-al-futbol\/"},"modified":"2024-01-09T18:51:40","modified_gmt":"2024-01-09T18:51:40","slug":"gerard-pique-vuelvo-al-futbol","status":"publish","type":"post","link":"https:\/\/trayectoriadeportiva.com\/index.php\/2024\/01\/09\/gerard-pique-vuelvo-al-futbol\/","title":{"rendered":"Gerard Piqu\u00e9 : &#8220;Vuelvo al f\u00fatbol&#8221;"},"content":{"rendered":"<p>&#8220;Es un nuevo a\u00f1o y despu\u00e9s de pensarlo detenidamente he decidido volver al f\u00fatbol. Lo echo mucho de menos. Esta vez no ser\u00e1 como jugador. Ser\u00e1 como entrenador. Compartir\u00e9 m\u00e1s detalles al final de la semana&#8221;. Palabra de Gerard Piqu\u00e9 que, desde que colg\u00f3 las botas dejando el FC Barcelona hace un a\u00f1o, se ha centrado en su faceta como empresario.\u00a0<\/p>\n<p><a href=\"https:\/\/www.lavanguardia.com\/deportes\/futbol\/20240109\/9493055\/gerard-pique-vuelvo-futbol-entrenador-kings-league.html\">Seguir leyendo&#8230;<\/a><\/p>","protected":false},"excerpt":{"rendered":"<p>&#8220;Es un nuevo a\u00f1o y despu\u00e9s de pensarlo detenidamente he decidido volver al f\u00fatbol. Lo echo mucho de menos. Esta vez no ser\u00e1 como jugador. Ser\u00e1 como entrenador. Compartir\u00e9 m\u00e1s detalles al final de la semana&#8221;. Palabra de Gerard Piqu\u00e9 que, desde que colg\u00f3 las botas dejando el FC Barcelona hace un a\u00f1o, se ha [&hellip;]<\/p>\n","protected":false},"author":0,"featured_media":5453,"comment_status":"","ping_status":"","sticky":false,"template":"","format":"standard","meta":{"_et_pb_use_builder":"","_et_pb_old_content":"","_et_gb_content_width":"","footnotes":""},"categories":[1],"tags":[],"class_list":["post-5452","post","type-post","status-publish","format-standard","has-post-thumbnail","hentry","category-blog","et-has-post-format-content","et_post_format-et-post-format-standard"],"_links":{"self":[{"href":"https:\/\/trayectoriadeportiva.com\/index.php\/wp-json\/wp\/v2\/posts\/5452","targetHints":{"allow":["GET"]}}],"collection":[{"href":"https:\/\/trayectoriadeportiva.com\/index.php\/wp-json\/wp\/v2\/posts"}],"about":[{"href":"https:\/\/trayectoriadeportiva.com\/index.php\/wp-json\/wp\/v2\/types\/post"}],"replies":[{"embeddable":true,"href":"https:\/\/trayectoriadeportiva.com\/index.php\/wp-json\/wp\/v2\/comments?post=5452"}],"version-history":[{"count":0,"href":"https:\/\/trayectoriadeportiva.com\/index.php\/wp-json\/wp\/v2\/posts\/5452\/revisions"}],"wp:featuredmedia":[{"embeddable":true,"href":"https:\/\/trayectoriadeportiva.com\/index.php\/wp-json\/wp\/v2\/media\/5453"}],"wp:attachment":[{"href":"https:\/\/trayectoriadeportiva.com\/index.php\/wp-json\/wp\/v2\/media?parent=5452"}],"wp:term":[{"taxonomy":"category","embeddable":true,"href":"https:\/\/trayectoriadeportiva.com\/index.php\/wp-json\/wp\/v2\/categories?post=5452"},{"taxonomy":"post_tag","embeddable":true,"href":"https:\/\/trayectoriadeportiva.com\/index.php\/wp-json\/wp\/v2\/tags?post=5452"}],"curies":[{"name":"wp","href":"https:\/\/api.w.org\/{rel}","templated":true}]}}