{"id":5485,"date":"2024-01-10T11:52:00","date_gmt":"2024-01-10T11:52:00","guid":{"rendered":"https:\/\/trayectoriadeportiva.com\/index.php\/2024\/01\/10\/alcaraz-no-puede-con-de-minaur-en-un-partido-de-exhibicion-en-australia\/"},"modified":"2024-01-10T11:52:00","modified_gmt":"2024-01-10T11:52:00","slug":"alcaraz-no-puede-con-de-minaur-en-un-partido-de-exhibicion-en-australia","status":"publish","type":"post","link":"https:\/\/trayectoriadeportiva.com\/index.php\/2024\/01\/10\/alcaraz-no-puede-con-de-minaur-en-un-partido-de-exhibicion-en-australia\/","title":{"rendered":"Alcaraz no puede con De Mi\u00f1aur en un partido de exhibici\u00f3n en Australia"},"content":{"rendered":"<p>Alcaraz ya tiene en el punto de mira el Open de Australia 2024. El espa\u00f1ol ha jugado este mi\u00e9rcoles un partido de exhibici\u00f3n contra el australiano De Mi\u00f1aur, en el que ha perdido por 6-4, 5-6 y 10-3. El encuentro le ha servido a Carlitos para coger rodaje antes del comienzo del primer grande del a\u00f1o, <a href=\"https:\/\/www.lavanguardia.com\/deportes\/tenis\/20231111\/9370180\/nitto-tenis-alcaraz-medvedev-djokovic-zverev-turin.html\" title=\"Alcaraz, mermado por un pie, se estrena como maestro\">ya que oficialmente no salta a pista desde las ATP Finals de Tur\u00edn el pasado noviembre<\/a>.<\/p>\n<p><a href=\"https:\/\/www.lavanguardia.com\/deportes\/tenis\/20240110\/9493626\/alcaraz-minaur-debut-open-australia.html\">Seguir leyendo&#8230;<\/a><\/p>","protected":false},"excerpt":{"rendered":"<p>Alcaraz ya tiene en el punto de mira el Open de Australia 2024. El espa\u00f1ol ha jugado este mi\u00e9rcoles un partido de exhibici\u00f3n contra el australiano De Mi\u00f1aur, en el que ha perdido por 6-4, 5-6 y 10-3. El encuentro le ha servido a Carlitos para coger rodaje antes del comienzo del primer grande del [&hellip;]<\/p>\n","protected":false},"author":0,"featured_media":5486,"comment_status":"","ping_status":"","sticky":false,"template":"","format":"standard","meta":{"_et_pb_use_builder":"","_et_pb_old_content":"","_et_gb_content_width":"","footnotes":""},"categories":[1],"tags":[],"class_list":["post-5485","post","type-post","status-publish","format-standard","has-post-thumbnail","hentry","category-blog","et-has-post-format-content","et_post_format-et-post-format-standard"],"_links":{"self":[{"href":"https:\/\/trayectoriadeportiva.com\/index.php\/wp-json\/wp\/v2\/posts\/5485","targetHints":{"allow":["GET"]}}],"collection":[{"href":"https:\/\/trayectoriadeportiva.com\/index.php\/wp-json\/wp\/v2\/posts"}],"about":[{"href":"https:\/\/trayectoriadeportiva.com\/index.php\/wp-json\/wp\/v2\/types\/post"}],"replies":[{"embeddable":true,"href":"https:\/\/trayectoriadeportiva.com\/index.php\/wp-json\/wp\/v2\/comments?post=5485"}],"version-history":[{"count":0,"href":"https:\/\/trayectoriadeportiva.com\/index.php\/wp-json\/wp\/v2\/posts\/5485\/revisions"}],"wp:featuredmedia":[{"embeddable":true,"href":"https:\/\/trayectoriadeportiva.com\/index.php\/wp-json\/wp\/v2\/media\/5486"}],"wp:attachment":[{"href":"https:\/\/trayectoriadeportiva.com\/index.php\/wp-json\/wp\/v2\/media?parent=5485"}],"wp:term":[{"taxonomy":"category","embeddable":true,"href":"https:\/\/trayectoriadeportiva.com\/index.php\/wp-json\/wp\/v2\/categories?post=5485"},{"taxonomy":"post_tag","embeddable":true,"href":"https:\/\/trayectoriadeportiva.com\/index.php\/wp-json\/wp\/v2\/tags?post=5485"}],"curies":[{"name":"wp","href":"https:\/\/api.w.org\/{rel}","templated":true}]}}