{"id":5497,"date":"2024-01-10T19:47:32","date_gmt":"2024-01-10T19:47:32","guid":{"rendered":"https:\/\/trayectoriadeportiva.com\/index.php\/2024\/01\/10\/la-cbf-confirma-a-dorival-junior-como-nuevo-entrenador-de-brasil\/"},"modified":"2024-01-10T19:47:32","modified_gmt":"2024-01-10T19:47:32","slug":"la-cbf-confirma-a-dorival-junior-como-nuevo-entrenador-de-brasil","status":"publish","type":"post","link":"https:\/\/trayectoriadeportiva.com\/index.php\/2024\/01\/10\/la-cbf-confirma-a-dorival-junior-como-nuevo-entrenador-de-brasil\/","title":{"rendered":"La CBF confirma a Dorival J\u00fanior como nuevo entrenador de Brasil"},"content":{"rendered":"<p>Dorival J\u00fanior fue confirmado este mi\u00e9rcoles como el nuevo entrenador de la selecci\u00f3n brasile\u00f1a, en reemplazo del interino Fernando Diniz, destituido la semana pasada por los malos resultados de la pentacampeona, que termin\u00f3 el a\u00f1o en la sexta posici\u00f3n en la clasificaci\u00f3n de las eliminatorias mundialistas sudamericanas.<\/p>\n<p><a href=\"https:\/\/www.lavanguardia.com\/deportes\/futbol\/20240110\/9494034\/cbf-confirma-dorival-junior-nuevo-entrenador-brasil.html\">Seguir leyendo&#8230;<\/a><\/p>","protected":false},"excerpt":{"rendered":"<p>Dorival J\u00fanior fue confirmado este mi\u00e9rcoles como el nuevo entrenador de la selecci\u00f3n brasile\u00f1a, en reemplazo del interino Fernando Diniz, destituido la semana pasada por los malos resultados de la pentacampeona, que termin\u00f3 el a\u00f1o en la sexta posici\u00f3n en la clasificaci\u00f3n de las eliminatorias mundialistas sudamericanas. Seguir leyendo&#8230;<\/p>\n","protected":false},"author":0,"featured_media":5498,"comment_status":"","ping_status":"","sticky":false,"template":"","format":"standard","meta":{"_et_pb_use_builder":"","_et_pb_old_content":"","_et_gb_content_width":"","footnotes":""},"categories":[1],"tags":[],"class_list":["post-5497","post","type-post","status-publish","format-standard","has-post-thumbnail","hentry","category-blog","et-has-post-format-content","et_post_format-et-post-format-standard"],"_links":{"self":[{"href":"https:\/\/trayectoriadeportiva.com\/index.php\/wp-json\/wp\/v2\/posts\/5497","targetHints":{"allow":["GET"]}}],"collection":[{"href":"https:\/\/trayectoriadeportiva.com\/index.php\/wp-json\/wp\/v2\/posts"}],"about":[{"href":"https:\/\/trayectoriadeportiva.com\/index.php\/wp-json\/wp\/v2\/types\/post"}],"replies":[{"embeddable":true,"href":"https:\/\/trayectoriadeportiva.com\/index.php\/wp-json\/wp\/v2\/comments?post=5497"}],"version-history":[{"count":0,"href":"https:\/\/trayectoriadeportiva.com\/index.php\/wp-json\/wp\/v2\/posts\/5497\/revisions"}],"wp:featuredmedia":[{"embeddable":true,"href":"https:\/\/trayectoriadeportiva.com\/index.php\/wp-json\/wp\/v2\/media\/5498"}],"wp:attachment":[{"href":"https:\/\/trayectoriadeportiva.com\/index.php\/wp-json\/wp\/v2\/media?parent=5497"}],"wp:term":[{"taxonomy":"category","embeddable":true,"href":"https:\/\/trayectoriadeportiva.com\/index.php\/wp-json\/wp\/v2\/categories?post=5497"},{"taxonomy":"post_tag","embeddable":true,"href":"https:\/\/trayectoriadeportiva.com\/index.php\/wp-json\/wp\/v2\/tags?post=5497"}],"curies":[{"name":"wp","href":"https:\/\/api.w.org\/{rel}","templated":true}]}}