{"id":573,"date":"2023-09-29T21:30:03","date_gmt":"2023-09-29T21:30:03","guid":{"rendered":"https:\/\/trayectoriadeportiva.com\/index.php\/2023\/09\/29\/xavi-hemos-sufrido-demasiado\/"},"modified":"2023-09-29T21:30:03","modified_gmt":"2023-09-29T21:30:03","slug":"xavi-hemos-sufrido-demasiado","status":"publish","type":"post","link":"https:\/\/trayectoriadeportiva.com\/index.php\/2023\/09\/29\/xavi-hemos-sufrido-demasiado\/","title":{"rendered":"Xavi: &#8220;Hemos sufrido demasiado&#8221;"},"content":{"rendered":"<p>&#8220;Hemos estado bien, hemos atacado y defendido bien. Lo \u00fanico que ha faltado ha sido el gol antes, y eso es lo que nos ha tenido sufriendo demasiado&#8221;, dec\u00eda Xavi Hern\u00e1ndez, bajo cuyo punto de vista &#8220;ha sido uno de nuestros mejores partidos, y el resultado ha sido corto. Hemos generado lo suficiente como para no sufrir tanto. Ven\u00edamos de dos goleadas 5-0 y se ha acabado la racha. El Sevilla es es un superequipo y creo que lo hemos manejado bien. Ante el Mallorca hab\u00eda faltado algo de juego, esto lo hemos corregido ahora y esa es la manera de ir hacia arriba, el generar juego&#8221;.<\/p>\n<p><a href=\"https:\/\/www.lavanguardia.com\/deportes\/fc-barcelona\/20230929\/9264396\/xavi-barca-sevilla.html\">Seguir leyendo&#8230;<\/a><\/p>","protected":false},"excerpt":{"rendered":"<p>&#8220;Hemos estado bien, hemos atacado y defendido bien. Lo \u00fanico que ha faltado ha sido el gol antes, y eso es lo que nos ha tenido sufriendo demasiado&#8221;, dec\u00eda Xavi Hern\u00e1ndez, bajo cuyo punto de vista &#8220;ha sido uno de nuestros mejores partidos, y el resultado ha sido corto. Hemos generado lo suficiente como para [&hellip;]<\/p>\n","protected":false},"author":0,"featured_media":574,"comment_status":"","ping_status":"","sticky":false,"template":"","format":"standard","meta":{"_et_pb_use_builder":"","_et_pb_old_content":"","_et_gb_content_width":"","footnotes":""},"categories":[1],"tags":[],"class_list":["post-573","post","type-post","status-publish","format-standard","has-post-thumbnail","hentry","category-blog","et-has-post-format-content","et_post_format-et-post-format-standard"],"_links":{"self":[{"href":"https:\/\/trayectoriadeportiva.com\/index.php\/wp-json\/wp\/v2\/posts\/573","targetHints":{"allow":["GET"]}}],"collection":[{"href":"https:\/\/trayectoriadeportiva.com\/index.php\/wp-json\/wp\/v2\/posts"}],"about":[{"href":"https:\/\/trayectoriadeportiva.com\/index.php\/wp-json\/wp\/v2\/types\/post"}],"replies":[{"embeddable":true,"href":"https:\/\/trayectoriadeportiva.com\/index.php\/wp-json\/wp\/v2\/comments?post=573"}],"version-history":[{"count":0,"href":"https:\/\/trayectoriadeportiva.com\/index.php\/wp-json\/wp\/v2\/posts\/573\/revisions"}],"wp:featuredmedia":[{"embeddable":true,"href":"https:\/\/trayectoriadeportiva.com\/index.php\/wp-json\/wp\/v2\/media\/574"}],"wp:attachment":[{"href":"https:\/\/trayectoriadeportiva.com\/index.php\/wp-json\/wp\/v2\/media?parent=573"}],"wp:term":[{"taxonomy":"category","embeddable":true,"href":"https:\/\/trayectoriadeportiva.com\/index.php\/wp-json\/wp\/v2\/categories?post=573"},{"taxonomy":"post_tag","embeddable":true,"href":"https:\/\/trayectoriadeportiva.com\/index.php\/wp-json\/wp\/v2\/tags?post=573"}],"curies":[{"name":"wp","href":"https:\/\/api.w.org\/{rel}","templated":true}]}}