{"id":5840,"date":"2024-01-17T12:19:53","date_gmt":"2024-01-17T12:19:53","guid":{"rendered":"https:\/\/trayectoriadeportiva.com\/index.php\/2024\/01\/17\/frenkie-de-jong-a-la-caza-de-su-partido-numero-200-como-blaugrana\/"},"modified":"2024-01-17T12:19:53","modified_gmt":"2024-01-17T12:19:53","slug":"frenkie-de-jong-a-la-caza-de-su-partido-numero-200-como-blaugrana","status":"publish","type":"post","link":"https:\/\/trayectoriadeportiva.com\/index.php\/2024\/01\/17\/frenkie-de-jong-a-la-caza-de-su-partido-numero-200-como-blaugrana\/","title":{"rendered":"Frenkie de Jong, a la caza de su partido n\u00famero 200 como blaugrana"},"content":{"rendered":"<p><a href=\"https:\/\/www.lavanguardia.com\/deportes\/fc-barcelona\/20240117\/9499135\/foco-jugadores.html\" title=\"Foco a los jugadores\">Frenkie de Jong cuenta este jueves con una oportunidad \u00fanica para entrar en los libros de historia del FC Barcelona. <\/a>El neerland\u00e9s podr\u00eda alcanzar los 200 partidos con la camiseta blaugrana en caso de jugar contra el Unionistas de Salamanca en el Estadio Municipal Reina Sof\u00eda, con motivo de los octavos de final de la Copa del Rey.<\/p>\n<p><a href=\"https:\/\/www.lavanguardia.com\/deportes\/fc-barcelona\/20240117\/9499588\/frenkie-jong-caza-partido-numero-200-blaugrana.html\">Seguir leyendo&#8230;<\/a><\/p>","protected":false},"excerpt":{"rendered":"<p>Frenkie de Jong cuenta este jueves con una oportunidad \u00fanica para entrar en los libros de historia del FC Barcelona. El neerland\u00e9s podr\u00eda alcanzar los 200 partidos con la camiseta blaugrana en caso de jugar contra el Unionistas de Salamanca en el Estadio Municipal Reina Sof\u00eda, con motivo de los octavos de final de la [&hellip;]<\/p>\n","protected":false},"author":0,"featured_media":5841,"comment_status":"","ping_status":"","sticky":false,"template":"","format":"standard","meta":{"_et_pb_use_builder":"","_et_pb_old_content":"","_et_gb_content_width":"","footnotes":""},"categories":[1],"tags":[],"class_list":["post-5840","post","type-post","status-publish","format-standard","has-post-thumbnail","hentry","category-blog","et-has-post-format-content","et_post_format-et-post-format-standard"],"_links":{"self":[{"href":"https:\/\/trayectoriadeportiva.com\/index.php\/wp-json\/wp\/v2\/posts\/5840","targetHints":{"allow":["GET"]}}],"collection":[{"href":"https:\/\/trayectoriadeportiva.com\/index.php\/wp-json\/wp\/v2\/posts"}],"about":[{"href":"https:\/\/trayectoriadeportiva.com\/index.php\/wp-json\/wp\/v2\/types\/post"}],"replies":[{"embeddable":true,"href":"https:\/\/trayectoriadeportiva.com\/index.php\/wp-json\/wp\/v2\/comments?post=5840"}],"version-history":[{"count":0,"href":"https:\/\/trayectoriadeportiva.com\/index.php\/wp-json\/wp\/v2\/posts\/5840\/revisions"}],"wp:featuredmedia":[{"embeddable":true,"href":"https:\/\/trayectoriadeportiva.com\/index.php\/wp-json\/wp\/v2\/media\/5841"}],"wp:attachment":[{"href":"https:\/\/trayectoriadeportiva.com\/index.php\/wp-json\/wp\/v2\/media?parent=5840"}],"wp:term":[{"taxonomy":"category","embeddable":true,"href":"https:\/\/trayectoriadeportiva.com\/index.php\/wp-json\/wp\/v2\/categories?post=5840"},{"taxonomy":"post_tag","embeddable":true,"href":"https:\/\/trayectoriadeportiva.com\/index.php\/wp-json\/wp\/v2\/tags?post=5840"}],"curies":[{"name":"wp","href":"https:\/\/api.w.org\/{rel}","templated":true}]}}