{"id":5848,"date":"2024-01-17T20:50:33","date_gmt":"2024-01-17T20:50:33","guid":{"rendered":"https:\/\/trayectoriadeportiva.com\/index.php\/2024\/01\/17\/muere-a-los-46-anos-dejan-milojevic-asistente-de-los-warriors-y-ex-del-valencia\/"},"modified":"2024-01-17T20:50:33","modified_gmt":"2024-01-17T20:50:33","slug":"muere-a-los-46-anos-dejan-milojevic-asistente-de-los-warriors-y-ex-del-valencia","status":"publish","type":"post","link":"https:\/\/trayectoriadeportiva.com\/index.php\/2024\/01\/17\/muere-a-los-46-anos-dejan-milojevic-asistente-de-los-warriors-y-ex-del-valencia\/","title":{"rendered":"Muere a los 46 a\u00f1os Dejan Milojevic, asistente de los Warriors y ex del Valencia"},"content":{"rendered":"<p>El serbio Dejan Milojevic, que era t\u00e9cnico asistente de los Golden State Warriors, falleci\u00f3 este mi\u00e9rcoles a los 46 a\u00f1os tras haber sufrido un ataque al coraz\u00f3n cuando estaba concentrado con la franquicia, seg\u00fan confirmaron, entre otros, sus exequipos Partizan de Belgrado y Valencia Basket<\/p>\n<p><a href=\"https:\/\/www.lavanguardia.com\/deportes\/baloncesto\/20240117\/9500111\/muere-46-anos-dejan-milojevic-asistente-warriors-ex-valencia.html\">Seguir leyendo&#8230;<\/a><\/p>","protected":false},"excerpt":{"rendered":"<p>El serbio Dejan Milojevic, que era t\u00e9cnico asistente de los Golden State Warriors, falleci\u00f3 este mi\u00e9rcoles a los 46 a\u00f1os tras haber sufrido un ataque al coraz\u00f3n cuando estaba concentrado con la franquicia, seg\u00fan confirmaron, entre otros, sus exequipos Partizan de Belgrado y Valencia Basket Seguir leyendo&#8230;<\/p>\n","protected":false},"author":0,"featured_media":5849,"comment_status":"","ping_status":"","sticky":false,"template":"","format":"standard","meta":{"_et_pb_use_builder":"","_et_pb_old_content":"","_et_gb_content_width":"","footnotes":""},"categories":[1],"tags":[],"class_list":["post-5848","post","type-post","status-publish","format-standard","has-post-thumbnail","hentry","category-blog","et-has-post-format-content","et_post_format-et-post-format-standard"],"_links":{"self":[{"href":"https:\/\/trayectoriadeportiva.com\/index.php\/wp-json\/wp\/v2\/posts\/5848","targetHints":{"allow":["GET"]}}],"collection":[{"href":"https:\/\/trayectoriadeportiva.com\/index.php\/wp-json\/wp\/v2\/posts"}],"about":[{"href":"https:\/\/trayectoriadeportiva.com\/index.php\/wp-json\/wp\/v2\/types\/post"}],"replies":[{"embeddable":true,"href":"https:\/\/trayectoriadeportiva.com\/index.php\/wp-json\/wp\/v2\/comments?post=5848"}],"version-history":[{"count":0,"href":"https:\/\/trayectoriadeportiva.com\/index.php\/wp-json\/wp\/v2\/posts\/5848\/revisions"}],"wp:featuredmedia":[{"embeddable":true,"href":"https:\/\/trayectoriadeportiva.com\/index.php\/wp-json\/wp\/v2\/media\/5849"}],"wp:attachment":[{"href":"https:\/\/trayectoriadeportiva.com\/index.php\/wp-json\/wp\/v2\/media?parent=5848"}],"wp:term":[{"taxonomy":"category","embeddable":true,"href":"https:\/\/trayectoriadeportiva.com\/index.php\/wp-json\/wp\/v2\/categories?post=5848"},{"taxonomy":"post_tag","embeddable":true,"href":"https:\/\/trayectoriadeportiva.com\/index.php\/wp-json\/wp\/v2\/tags?post=5848"}],"curies":[{"name":"wp","href":"https:\/\/api.w.org\/{rel}","templated":true}]}}