{"id":5998,"date":"2024-01-21T05:00:00","date_gmt":"2024-01-21T05:00:00","guid":{"rendered":"https:\/\/trayectoriadeportiva.com\/index.php\/2024\/01\/21\/los-mundos-detenidos\/"},"modified":"2024-01-21T05:00:00","modified_gmt":"2024-01-21T05:00:00","slug":"los-mundos-detenidos","status":"publish","type":"post","link":"https:\/\/trayectoriadeportiva.com\/index.php\/2024\/01\/21\/los-mundos-detenidos\/","title":{"rendered":"Los mundos detenidos"},"content":{"rendered":"<p>A Issidra le salv\u00f3 la vida un arbusto denso y la suerte. Fue el \u00fanico de sus nueve hermanos con fortuna: hace tres a\u00f1os, un grupo yihadista entr\u00f3 a su aldea en el sureste de Burkina Faso y asesin\u00f3 a 87 personas, entre ellos a toda su familia. Issidra salv\u00f3 la vida porque cuando escuch\u00f3 los tiros y vio el humo de las chozas incendiadas, se escondi\u00f3 en el bosque. Desde su arbusto, vio como los barbudos disparaban a quemarropa a hombres, mujeres y ni\u00f1os que se hab\u00edan ocultado apresuradamente entre la maleza. Aquel d\u00eda, Issidra huy\u00f3 al norte de Ben\u00edn, donde reza para que el c\u00e1ncer del yihadismo, que se expande por Mali, Burkina Faso y N\u00edger, no atraviese la frontera sur.<\/p>\n<p><a href=\"https:\/\/www.lavanguardia.com\/deportes\/20240121\/9502344\/mundos-detenidos.html\">Seguir leyendo&#8230;<\/a><\/p>","protected":false},"excerpt":{"rendered":"<p>A Issidra le salv\u00f3 la vida un arbusto denso y la suerte. Fue el \u00fanico de sus nueve hermanos con fortuna: hace tres a\u00f1os, un grupo yihadista entr\u00f3 a su aldea en el sureste de Burkina Faso y asesin\u00f3 a 87 personas, entre ellos a toda su familia. Issidra salv\u00f3 la vida porque cuando escuch\u00f3 [&hellip;]<\/p>\n","protected":false},"author":0,"featured_media":5999,"comment_status":"","ping_status":"","sticky":false,"template":"","format":"standard","meta":{"_et_pb_use_builder":"","_et_pb_old_content":"","_et_gb_content_width":"","footnotes":""},"categories":[1],"tags":[],"class_list":["post-5998","post","type-post","status-publish","format-standard","has-post-thumbnail","hentry","category-blog","et-has-post-format-content","et_post_format-et-post-format-standard"],"_links":{"self":[{"href":"https:\/\/trayectoriadeportiva.com\/index.php\/wp-json\/wp\/v2\/posts\/5998","targetHints":{"allow":["GET"]}}],"collection":[{"href":"https:\/\/trayectoriadeportiva.com\/index.php\/wp-json\/wp\/v2\/posts"}],"about":[{"href":"https:\/\/trayectoriadeportiva.com\/index.php\/wp-json\/wp\/v2\/types\/post"}],"replies":[{"embeddable":true,"href":"https:\/\/trayectoriadeportiva.com\/index.php\/wp-json\/wp\/v2\/comments?post=5998"}],"version-history":[{"count":0,"href":"https:\/\/trayectoriadeportiva.com\/index.php\/wp-json\/wp\/v2\/posts\/5998\/revisions"}],"wp:featuredmedia":[{"embeddable":true,"href":"https:\/\/trayectoriadeportiva.com\/index.php\/wp-json\/wp\/v2\/media\/5999"}],"wp:attachment":[{"href":"https:\/\/trayectoriadeportiva.com\/index.php\/wp-json\/wp\/v2\/media?parent=5998"}],"wp:term":[{"taxonomy":"category","embeddable":true,"href":"https:\/\/trayectoriadeportiva.com\/index.php\/wp-json\/wp\/v2\/categories?post=5998"},{"taxonomy":"post_tag","embeddable":true,"href":"https:\/\/trayectoriadeportiva.com\/index.php\/wp-json\/wp\/v2\/tags?post=5998"}],"curies":[{"name":"wp","href":"https:\/\/api.w.org\/{rel}","templated":true}]}}