{"id":6070,"date":"2024-01-21T22:47:33","date_gmt":"2024-01-21T22:47:33","guid":{"rendered":"https:\/\/trayectoriadeportiva.com\/index.php\/2024\/01\/21\/los-audios-del-var-en-el-bernabeu\/"},"modified":"2024-01-21T22:47:33","modified_gmt":"2024-01-21T22:47:33","slug":"los-audios-del-var-en-el-bernabeu","status":"publish","type":"post","link":"https:\/\/trayectoriadeportiva.com\/index.php\/2024\/01\/21\/los-audios-del-var-en-el-bernabeu\/","title":{"rendered":"Los audios del VAR en el Bernab\u00e9u"},"content":{"rendered":"<p>Los audios de las conversaciones entre Hern\u00e1ndez Hern\u00e1ndez desde la sala VOR y el colegiado Hern\u00e1ndez Maeso fueron hechos p\u00fablicos a las once de la noche del domingo.<\/p>\n<p><a href=\"https:\/\/www.lavanguardia.com\/deportes\/real-madrid\/20240121\/9502791\/audios-var-bernabeu.html\">Seguir leyendo&#8230;<\/a><\/p>","protected":false},"excerpt":{"rendered":"<p>Los audios de las conversaciones entre Hern\u00e1ndez Hern\u00e1ndez desde la sala VOR y el colegiado Hern\u00e1ndez Maeso fueron hechos p\u00fablicos a las once de la noche del domingo. Seguir leyendo&#8230;<\/p>\n","protected":false},"author":0,"featured_media":6071,"comment_status":"","ping_status":"","sticky":false,"template":"","format":"standard","meta":{"_et_pb_use_builder":"","_et_pb_old_content":"","_et_gb_content_width":"","footnotes":""},"categories":[1],"tags":[],"class_list":["post-6070","post","type-post","status-publish","format-standard","has-post-thumbnail","hentry","category-blog","et-has-post-format-content","et_post_format-et-post-format-standard"],"_links":{"self":[{"href":"https:\/\/trayectoriadeportiva.com\/index.php\/wp-json\/wp\/v2\/posts\/6070","targetHints":{"allow":["GET"]}}],"collection":[{"href":"https:\/\/trayectoriadeportiva.com\/index.php\/wp-json\/wp\/v2\/posts"}],"about":[{"href":"https:\/\/trayectoriadeportiva.com\/index.php\/wp-json\/wp\/v2\/types\/post"}],"replies":[{"embeddable":true,"href":"https:\/\/trayectoriadeportiva.com\/index.php\/wp-json\/wp\/v2\/comments?post=6070"}],"version-history":[{"count":0,"href":"https:\/\/trayectoriadeportiva.com\/index.php\/wp-json\/wp\/v2\/posts\/6070\/revisions"}],"wp:featuredmedia":[{"embeddable":true,"href":"https:\/\/trayectoriadeportiva.com\/index.php\/wp-json\/wp\/v2\/media\/6071"}],"wp:attachment":[{"href":"https:\/\/trayectoriadeportiva.com\/index.php\/wp-json\/wp\/v2\/media?parent=6070"}],"wp:term":[{"taxonomy":"category","embeddable":true,"href":"https:\/\/trayectoriadeportiva.com\/index.php\/wp-json\/wp\/v2\/categories?post=6070"},{"taxonomy":"post_tag","embeddable":true,"href":"https:\/\/trayectoriadeportiva.com\/index.php\/wp-json\/wp\/v2\/tags?post=6070"}],"curies":[{"name":"wp","href":"https:\/\/api.w.org\/{rel}","templated":true}]}}