{"id":6086,"date":"2024-01-22T09:06:29","date_gmt":"2024-01-22T09:06:29","guid":{"rendered":"https:\/\/trayectoriadeportiva.com\/index.php\/2024\/01\/22\/marquez-mi-peor-rival-soy-yo-debo-gestionarme\/"},"modified":"2024-01-22T09:06:29","modified_gmt":"2024-01-22T09:06:29","slug":"marquez-mi-peor-rival-soy-yo-debo-gestionarme","status":"publish","type":"post","link":"https:\/\/trayectoriadeportiva.com\/index.php\/2024\/01\/22\/marquez-mi-peor-rival-soy-yo-debo-gestionarme\/","title":{"rendered":"M\u00e1rquez: \u201cMi peor rival soy yo; debo gestionarme\u201d"},"content":{"rendered":"<p>Sintom\u00e1tico y lleno de gui\u00f1os fue el escenario escogido para la puesta de largo del equipo Gresini y su flamante piloto estrella Marc M\u00e1rquez: una discoteca, Cocoric\u00f2, en la localidad de Riccione, en la Riviera Romagnola, junto al circuito de Missano&#8230; Se\u00f1al de que el pluricampe\u00f3n pretende \u201cvolver a disfrutar\u201d encima de la moto despu\u00e9s de cuatro a\u00f1os \u201cde pesadilla\u201d, y pelear de nuevo por la victoria, que se le resiste desde la lograda en ese trazado en octubre del 2021, hace ya m\u00e1s de dos a\u00f1os.<\/p>\n<p><a href=\"https:\/\/www.lavanguardia.com\/deportes\/motociclismo\/20240122\/9502944\/marquez-mi-peor-rival-debo-gestionarme.html\">Seguir leyendo&#8230;<\/a><\/p>","protected":false},"excerpt":{"rendered":"<p>Sintom\u00e1tico y lleno de gui\u00f1os fue el escenario escogido para la puesta de largo del equipo Gresini y su flamante piloto estrella Marc M\u00e1rquez: una discoteca, Cocoric\u00f2, en la localidad de Riccione, en la Riviera Romagnola, junto al circuito de Missano&#8230; Se\u00f1al de que el pluricampe\u00f3n pretende \u201cvolver a disfrutar\u201d encima de la moto despu\u00e9s [&hellip;]<\/p>\n","protected":false},"author":0,"featured_media":6087,"comment_status":"","ping_status":"","sticky":false,"template":"","format":"standard","meta":{"_et_pb_use_builder":"","_et_pb_old_content":"","_et_gb_content_width":"","footnotes":""},"categories":[1],"tags":[],"class_list":["post-6086","post","type-post","status-publish","format-standard","has-post-thumbnail","hentry","category-blog","et-has-post-format-content","et_post_format-et-post-format-standard"],"_links":{"self":[{"href":"https:\/\/trayectoriadeportiva.com\/index.php\/wp-json\/wp\/v2\/posts\/6086","targetHints":{"allow":["GET"]}}],"collection":[{"href":"https:\/\/trayectoriadeportiva.com\/index.php\/wp-json\/wp\/v2\/posts"}],"about":[{"href":"https:\/\/trayectoriadeportiva.com\/index.php\/wp-json\/wp\/v2\/types\/post"}],"replies":[{"embeddable":true,"href":"https:\/\/trayectoriadeportiva.com\/index.php\/wp-json\/wp\/v2\/comments?post=6086"}],"version-history":[{"count":0,"href":"https:\/\/trayectoriadeportiva.com\/index.php\/wp-json\/wp\/v2\/posts\/6086\/revisions"}],"wp:featuredmedia":[{"embeddable":true,"href":"https:\/\/trayectoriadeportiva.com\/index.php\/wp-json\/wp\/v2\/media\/6087"}],"wp:attachment":[{"href":"https:\/\/trayectoriadeportiva.com\/index.php\/wp-json\/wp\/v2\/media?parent=6086"}],"wp:term":[{"taxonomy":"category","embeddable":true,"href":"https:\/\/trayectoriadeportiva.com\/index.php\/wp-json\/wp\/v2\/categories?post=6086"},{"taxonomy":"post_tag","embeddable":true,"href":"https:\/\/trayectoriadeportiva.com\/index.php\/wp-json\/wp\/v2\/tags?post=6086"}],"curies":[{"name":"wp","href":"https:\/\/api.w.org\/{rel}","templated":true}]}}