{"id":6114,"date":"2024-01-22T22:05:32","date_gmt":"2024-01-22T22:05:32","guid":{"rendered":"https:\/\/trayectoriadeportiva.com\/index.php\/2024\/01\/22\/morata-desatasca-al-atletico-en-granada\/"},"modified":"2024-01-22T22:05:32","modified_gmt":"2024-01-22T22:05:32","slug":"morata-desatasca-al-atletico-en-granada","status":"publish","type":"post","link":"https:\/\/trayectoriadeportiva.com\/index.php\/2024\/01\/22\/morata-desatasca-al-atletico-en-granada\/","title":{"rendered":"Morata desatasca al Atl\u00e9tico en Granada"},"content":{"rendered":"<p>El Atl\u00e9tico gan\u00f3 esta noche de lunes en Los C\u00e1rmenes ante un combativo Granada al que hunde un poco m\u00e1s en su pelea por no descender. Con cuatro cambios en el once respecto al equipo de la Copa, al Atl\u00e9tico le falt\u00f3 frescura y no supo llevar el partido a su terreno hasta el segundo tiempo.<\/p>\n<p><a href=\"https:\/\/www.lavanguardia.com\/deportes\/atletico-de-madrid\/20240122\/9503721\/morata-desatasca-atletico-granada.html\">Seguir leyendo&#8230;<\/a><\/p>","protected":false},"excerpt":{"rendered":"<p>El Atl\u00e9tico gan\u00f3 esta noche de lunes en Los C\u00e1rmenes ante un combativo Granada al que hunde un poco m\u00e1s en su pelea por no descender. Con cuatro cambios en el once respecto al equipo de la Copa, al Atl\u00e9tico le falt\u00f3 frescura y no supo llevar el partido a su terreno hasta el segundo [&hellip;]<\/p>\n","protected":false},"author":0,"featured_media":6115,"comment_status":"","ping_status":"","sticky":false,"template":"","format":"standard","meta":{"_et_pb_use_builder":"","_et_pb_old_content":"","_et_gb_content_width":"","footnotes":""},"categories":[1],"tags":[],"class_list":["post-6114","post","type-post","status-publish","format-standard","has-post-thumbnail","hentry","category-blog","et-has-post-format-content","et_post_format-et-post-format-standard"],"_links":{"self":[{"href":"https:\/\/trayectoriadeportiva.com\/index.php\/wp-json\/wp\/v2\/posts\/6114","targetHints":{"allow":["GET"]}}],"collection":[{"href":"https:\/\/trayectoriadeportiva.com\/index.php\/wp-json\/wp\/v2\/posts"}],"about":[{"href":"https:\/\/trayectoriadeportiva.com\/index.php\/wp-json\/wp\/v2\/types\/post"}],"replies":[{"embeddable":true,"href":"https:\/\/trayectoriadeportiva.com\/index.php\/wp-json\/wp\/v2\/comments?post=6114"}],"version-history":[{"count":0,"href":"https:\/\/trayectoriadeportiva.com\/index.php\/wp-json\/wp\/v2\/posts\/6114\/revisions"}],"wp:featuredmedia":[{"embeddable":true,"href":"https:\/\/trayectoriadeportiva.com\/index.php\/wp-json\/wp\/v2\/media\/6115"}],"wp:attachment":[{"href":"https:\/\/trayectoriadeportiva.com\/index.php\/wp-json\/wp\/v2\/media?parent=6114"}],"wp:term":[{"taxonomy":"category","embeddable":true,"href":"https:\/\/trayectoriadeportiva.com\/index.php\/wp-json\/wp\/v2\/categories?post=6114"},{"taxonomy":"post_tag","embeddable":true,"href":"https:\/\/trayectoriadeportiva.com\/index.php\/wp-json\/wp\/v2\/tags?post=6114"}],"curies":[{"name":"wp","href":"https:\/\/api.w.org\/{rel}","templated":true}]}}