{"id":6196,"date":"2024-01-24T20:42:59","date_gmt":"2024-01-24T20:42:59","guid":{"rendered":"https:\/\/trayectoriadeportiva.com\/index.php\/2024\/01\/24\/el-girona-reacciono-tarde-y-se-va-de-la-copa\/"},"modified":"2024-01-24T20:42:59","modified_gmt":"2024-01-24T20:42:59","slug":"el-girona-reacciono-tarde-y-se-va-de-la-copa","status":"publish","type":"post","link":"https:\/\/trayectoriadeportiva.com\/index.php\/2024\/01\/24\/el-girona-reacciono-tarde-y-se-va-de-la-copa\/","title":{"rendered":"El Girona reaccion\u00f3 tarde y se va de la Copa"},"content":{"rendered":"<p>El sue\u00f1o del Girona de alcanzar por primera vez en su historia las semifinales de la Copa del Rey no pas\u00f3 esta noche el filtro de Son Moix, superado el equipo de Michel por la intensidad de un Mallorca que jug\u00f3 como si le fuera la vida desde el primer minuto. La primera parte conden\u00f3 al Girona, que se fue al descanso 3-0 en contra. Su crecida en el segundo tiempo le dej\u00f3 a un gol del empate.<\/p>\n<p><a href=\"https:\/\/www.lavanguardia.com\/deportes\/futbol\/20240124\/9505221\/mallorca-echa-copa-desconocido-girona.html\">Seguir leyendo&#8230;<\/a><\/p>","protected":false},"excerpt":{"rendered":"<p>El sue\u00f1o del Girona de alcanzar por primera vez en su historia las semifinales de la Copa del Rey no pas\u00f3 esta noche el filtro de Son Moix, superado el equipo de Michel por la intensidad de un Mallorca que jug\u00f3 como si le fuera la vida desde el primer minuto. La primera parte conden\u00f3 [&hellip;]<\/p>\n","protected":false},"author":0,"featured_media":6197,"comment_status":"","ping_status":"","sticky":false,"template":"","format":"standard","meta":{"_et_pb_use_builder":"","_et_pb_old_content":"","_et_gb_content_width":"","footnotes":""},"categories":[1],"tags":[],"class_list":["post-6196","post","type-post","status-publish","format-standard","has-post-thumbnail","hentry","category-blog","et-has-post-format-content","et_post_format-et-post-format-standard"],"_links":{"self":[{"href":"https:\/\/trayectoriadeportiva.com\/index.php\/wp-json\/wp\/v2\/posts\/6196","targetHints":{"allow":["GET"]}}],"collection":[{"href":"https:\/\/trayectoriadeportiva.com\/index.php\/wp-json\/wp\/v2\/posts"}],"about":[{"href":"https:\/\/trayectoriadeportiva.com\/index.php\/wp-json\/wp\/v2\/types\/post"}],"replies":[{"embeddable":true,"href":"https:\/\/trayectoriadeportiva.com\/index.php\/wp-json\/wp\/v2\/comments?post=6196"}],"version-history":[{"count":0,"href":"https:\/\/trayectoriadeportiva.com\/index.php\/wp-json\/wp\/v2\/posts\/6196\/revisions"}],"wp:featuredmedia":[{"embeddable":true,"href":"https:\/\/trayectoriadeportiva.com\/index.php\/wp-json\/wp\/v2\/media\/6197"}],"wp:attachment":[{"href":"https:\/\/trayectoriadeportiva.com\/index.php\/wp-json\/wp\/v2\/media?parent=6196"}],"wp:term":[{"taxonomy":"category","embeddable":true,"href":"https:\/\/trayectoriadeportiva.com\/index.php\/wp-json\/wp\/v2\/categories?post=6196"},{"taxonomy":"post_tag","embeddable":true,"href":"https:\/\/trayectoriadeportiva.com\/index.php\/wp-json\/wp\/v2\/tags?post=6196"}],"curies":[{"name":"wp","href":"https:\/\/api.w.org\/{rel}","templated":true}]}}