{"id":6246,"date":"2024-01-26T15:02:47","date_gmt":"2024-01-26T15:02:47","guid":{"rendered":"https:\/\/trayectoriadeportiva.com\/index.php\/2024\/01\/26\/sinner-desfigura-la-leyenda-de-djokovic\/"},"modified":"2024-01-26T15:02:47","modified_gmt":"2024-01-26T15:02:47","slug":"sinner-desfigura-la-leyenda-de-djokovic","status":"publish","type":"post","link":"https:\/\/trayectoriadeportiva.com\/index.php\/2024\/01\/26\/sinner-desfigura-la-leyenda-de-djokovic\/","title":{"rendered":"Sinner desfigura la leyenda de Djokovic"},"content":{"rendered":"<p>Me pregunto qu\u00e9 piensa Carlos Alcaraz al ver c\u00f3mo Jannik Sinner gan\u00f3 este viernes a Novak Djokovic en las semifinales del Open de Australia. <a href=\"https:\/\/www.lavanguardia.com\/deportes\/tenis\/20230609\/9031085\/alcaraz-lesion-roland-garros-djokovic.html\" title='Alcaraz: \"De repente, he empezado a bloquearme\"'>El murciano hab\u00eda estado en la misma tesitura que el transalpino hace unos meses, cuando se enfrent\u00f3 a &#8216;Nole&#8217; en la pen\u00faltima ronda de Roland Garros.<\/a><\/p>\n<p><a href=\"https:\/\/www.lavanguardia.com\/deportes\/tenis\/20240126\/9506635\/sinner-desfigura-leyenda-djokovic.html\">Seguir leyendo&#8230;<\/a><\/p>","protected":false},"excerpt":{"rendered":"<p>Me pregunto qu\u00e9 piensa Carlos Alcaraz al ver c\u00f3mo Jannik Sinner gan\u00f3 este viernes a Novak Djokovic en las semifinales del Open de Australia. El murciano hab\u00eda estado en la misma tesitura que el transalpino hace unos meses, cuando se enfrent\u00f3 a &#8216;Nole&#8217; en la pen\u00faltima ronda de Roland Garros. Seguir leyendo&#8230;<\/p>\n","protected":false},"author":0,"featured_media":6247,"comment_status":"","ping_status":"","sticky":false,"template":"","format":"standard","meta":{"_et_pb_use_builder":"","_et_pb_old_content":"","_et_gb_content_width":"","footnotes":""},"categories":[1],"tags":[],"class_list":["post-6246","post","type-post","status-publish","format-standard","has-post-thumbnail","hentry","category-blog","et-has-post-format-content","et_post_format-et-post-format-standard"],"_links":{"self":[{"href":"https:\/\/trayectoriadeportiva.com\/index.php\/wp-json\/wp\/v2\/posts\/6246","targetHints":{"allow":["GET"]}}],"collection":[{"href":"https:\/\/trayectoriadeportiva.com\/index.php\/wp-json\/wp\/v2\/posts"}],"about":[{"href":"https:\/\/trayectoriadeportiva.com\/index.php\/wp-json\/wp\/v2\/types\/post"}],"replies":[{"embeddable":true,"href":"https:\/\/trayectoriadeportiva.com\/index.php\/wp-json\/wp\/v2\/comments?post=6246"}],"version-history":[{"count":0,"href":"https:\/\/trayectoriadeportiva.com\/index.php\/wp-json\/wp\/v2\/posts\/6246\/revisions"}],"wp:featuredmedia":[{"embeddable":true,"href":"https:\/\/trayectoriadeportiva.com\/index.php\/wp-json\/wp\/v2\/media\/6247"}],"wp:attachment":[{"href":"https:\/\/trayectoriadeportiva.com\/index.php\/wp-json\/wp\/v2\/media?parent=6246"}],"wp:term":[{"taxonomy":"category","embeddable":true,"href":"https:\/\/trayectoriadeportiva.com\/index.php\/wp-json\/wp\/v2\/categories?post=6246"},{"taxonomy":"post_tag","embeddable":true,"href":"https:\/\/trayectoriadeportiva.com\/index.php\/wp-json\/wp\/v2\/tags?post=6246"}],"curies":[{"name":"wp","href":"https:\/\/api.w.org\/{rel}","templated":true}]}}