{"id":6581,"date":"2024-02-01T12:59:18","date_gmt":"2024-02-01T12:59:18","guid":{"rendered":"https:\/\/trayectoriadeportiva.com\/index.php\/2024\/02\/01\/rublev-otra-figura-confirmada-para-el-trofeo-conde-de-godo-2024\/"},"modified":"2024-02-01T12:59:18","modified_gmt":"2024-02-01T12:59:18","slug":"rublev-otra-figura-confirmada-para-el-trofeo-conde-de-godo-2024","status":"publish","type":"post","link":"https:\/\/trayectoriadeportiva.com\/index.php\/2024\/02\/01\/rublev-otra-figura-confirmada-para-el-trofeo-conde-de-godo-2024\/","title":{"rendered":"Rublev, otra figura confirmada para el Trofeo Conde de God\u00f3 2024"},"content":{"rendered":"<p>Andrey Rublev ha anunciado que competir\u00e1 en la 71.\u00aa edici\u00f3n del Barcelona Open Banc Sabadell-Trofeo Conde de God\u00f3. En el torneo, que se disputar\u00e1 entre el 13 y el 21 de abril, tambi\u00e9n participar\u00e1n tenistas como Carlos Alcaraz, vigente campe\u00f3n, y Rafael Nadal, que es el rey de esta competici\u00f3n, con doce t\u00edtulos en sus vitrinas.<\/p>\n<p><a href=\"https:\/\/www.lavanguardia.com\/deportes\/tenis\/20240201\/9510801\/rublev-disputara-trofeo-conde-godo.html\">Seguir leyendo&#8230;<\/a><\/p>","protected":false},"excerpt":{"rendered":"<p>Andrey Rublev ha anunciado que competir\u00e1 en la 71.\u00aa edici\u00f3n del Barcelona Open Banc Sabadell-Trofeo Conde de God\u00f3. En el torneo, que se disputar\u00e1 entre el 13 y el 21 de abril, tambi\u00e9n participar\u00e1n tenistas como Carlos Alcaraz, vigente campe\u00f3n, y Rafael Nadal, que es el rey de esta competici\u00f3n, con doce t\u00edtulos en sus [&hellip;]<\/p>\n","protected":false},"author":0,"featured_media":6582,"comment_status":"","ping_status":"","sticky":false,"template":"","format":"standard","meta":{"_et_pb_use_builder":"","_et_pb_old_content":"","_et_gb_content_width":"","footnotes":""},"categories":[1],"tags":[],"class_list":["post-6581","post","type-post","status-publish","format-standard","has-post-thumbnail","hentry","category-blog","et-has-post-format-content","et_post_format-et-post-format-standard"],"_links":{"self":[{"href":"https:\/\/trayectoriadeportiva.com\/index.php\/wp-json\/wp\/v2\/posts\/6581","targetHints":{"allow":["GET"]}}],"collection":[{"href":"https:\/\/trayectoriadeportiva.com\/index.php\/wp-json\/wp\/v2\/posts"}],"about":[{"href":"https:\/\/trayectoriadeportiva.com\/index.php\/wp-json\/wp\/v2\/types\/post"}],"replies":[{"embeddable":true,"href":"https:\/\/trayectoriadeportiva.com\/index.php\/wp-json\/wp\/v2\/comments?post=6581"}],"version-history":[{"count":0,"href":"https:\/\/trayectoriadeportiva.com\/index.php\/wp-json\/wp\/v2\/posts\/6581\/revisions"}],"wp:featuredmedia":[{"embeddable":true,"href":"https:\/\/trayectoriadeportiva.com\/index.php\/wp-json\/wp\/v2\/media\/6582"}],"wp:attachment":[{"href":"https:\/\/trayectoriadeportiva.com\/index.php\/wp-json\/wp\/v2\/media?parent=6581"}],"wp:term":[{"taxonomy":"category","embeddable":true,"href":"https:\/\/trayectoriadeportiva.com\/index.php\/wp-json\/wp\/v2\/categories?post=6581"},{"taxonomy":"post_tag","embeddable":true,"href":"https:\/\/trayectoriadeportiva.com\/index.php\/wp-json\/wp\/v2\/tags?post=6581"}],"curies":[{"name":"wp","href":"https:\/\/api.w.org\/{rel}","templated":true}]}}