{"id":6676,"date":"2024-02-03T10:01:47","date_gmt":"2024-02-03T10:01:47","guid":{"rendered":"https:\/\/trayectoriadeportiva.com\/index.php\/2024\/02\/03\/la-espanola-maria-de-valdes-subcampeona-del-mundo-en-los-10-kilometros-de-aguas-abiertas\/"},"modified":"2024-02-03T10:01:47","modified_gmt":"2024-02-03T10:01:47","slug":"la-espanola-maria-de-valdes-subcampeona-del-mundo-en-los-10-kilometros-de-aguas-abiertas","status":"publish","type":"post","link":"https:\/\/trayectoriadeportiva.com\/index.php\/2024\/02\/03\/la-espanola-maria-de-valdes-subcampeona-del-mundo-en-los-10-kilometros-de-aguas-abiertas\/","title":{"rendered":"La espa\u00f1ola Mar\u00eda de Vald\u00e9s, subcampeona del mundo en los 10 kil\u00f3metros de aguas abiertas"},"content":{"rendered":"<p>La espa\u00f1ola Mar\u00eda de Vald\u00e9s (Fuengirola, M\u00e1laga, 1998) consigui\u00f3 este s\u00e1bado la medalla de plata en los 10 kil\u00f3metros de aguas abiertas del Mundial de Doha, que le otorga plaza ol\u00edmpica para Par\u00eds 2024.<\/p>\n<p><a href=\"https:\/\/www.lavanguardia.com\/deportes\/natacion\/20240203\/9512225\/espanola-maria-valdes-subcampeona-mundo-10-kilometros-aguas-abiertas.html\">Seguir leyendo&#8230;<\/a><\/p>","protected":false},"excerpt":{"rendered":"<p>La espa\u00f1ola Mar\u00eda de Vald\u00e9s (Fuengirola, M\u00e1laga, 1998) consigui\u00f3 este s\u00e1bado la medalla de plata en los 10 kil\u00f3metros de aguas abiertas del Mundial de Doha, que le otorga plaza ol\u00edmpica para Par\u00eds 2024. Seguir leyendo&#8230;<\/p>\n","protected":false},"author":0,"featured_media":6677,"comment_status":"","ping_status":"","sticky":false,"template":"","format":"standard","meta":{"_et_pb_use_builder":"","_et_pb_old_content":"","_et_gb_content_width":"","footnotes":""},"categories":[1],"tags":[],"class_list":["post-6676","post","type-post","status-publish","format-standard","has-post-thumbnail","hentry","category-blog","et-has-post-format-content","et_post_format-et-post-format-standard"],"_links":{"self":[{"href":"https:\/\/trayectoriadeportiva.com\/index.php\/wp-json\/wp\/v2\/posts\/6676","targetHints":{"allow":["GET"]}}],"collection":[{"href":"https:\/\/trayectoriadeportiva.com\/index.php\/wp-json\/wp\/v2\/posts"}],"about":[{"href":"https:\/\/trayectoriadeportiva.com\/index.php\/wp-json\/wp\/v2\/types\/post"}],"replies":[{"embeddable":true,"href":"https:\/\/trayectoriadeportiva.com\/index.php\/wp-json\/wp\/v2\/comments?post=6676"}],"version-history":[{"count":0,"href":"https:\/\/trayectoriadeportiva.com\/index.php\/wp-json\/wp\/v2\/posts\/6676\/revisions"}],"wp:featuredmedia":[{"embeddable":true,"href":"https:\/\/trayectoriadeportiva.com\/index.php\/wp-json\/wp\/v2\/media\/6677"}],"wp:attachment":[{"href":"https:\/\/trayectoriadeportiva.com\/index.php\/wp-json\/wp\/v2\/media?parent=6676"}],"wp:term":[{"taxonomy":"category","embeddable":true,"href":"https:\/\/trayectoriadeportiva.com\/index.php\/wp-json\/wp\/v2\/categories?post=6676"},{"taxonomy":"post_tag","embeddable":true,"href":"https:\/\/trayectoriadeportiva.com\/index.php\/wp-json\/wp\/v2\/tags?post=6676"}],"curies":[{"name":"wp","href":"https:\/\/api.w.org\/{rel}","templated":true}]}}