{"id":6887,"date":"2024-02-07T06:00:00","date_gmt":"2024-02-07T06:00:00","guid":{"rendered":"https:\/\/trayectoriadeportiva.com\/index.php\/2024\/02\/07\/den-paso-tienen-el-balon-ovalado\/"},"modified":"2024-02-07T06:00:00","modified_gmt":"2024-02-07T06:00:00","slug":"den-paso-tienen-el-balon-ovalado","status":"publish","type":"post","link":"https:\/\/trayectoriadeportiva.com\/index.php\/2024\/02\/07\/den-paso-tienen-el-balon-ovalado\/","title":{"rendered":"\u00a1Den paso! \u00a1Tienen el bal\u00f3n ovalado!"},"content":{"rendered":"<p>Aburridas de pasar fr\u00edo, o calor, en las gradas del estadio de La Tei\u00adxonera, contemplando tarde tras tarde c\u00f3mo sus criaturas andaban detr\u00e1s del bal\u00f3n ovalado, aquel grupo de madres (todas ellas mayores de 35 a\u00f1os) se pregunt\u00f3:<\/p>\n<p><a href=\"https:\/\/www.lavanguardia.com\/deportes\/otros-deportes\/20240207\/9514579\/den-paso-balon-ovalado.html\">Seguir leyendo&#8230;<\/a><\/p>","protected":false},"excerpt":{"rendered":"<p>Aburridas de pasar fr\u00edo, o calor, en las gradas del estadio de La Tei\u00adxonera, contemplando tarde tras tarde c\u00f3mo sus criaturas andaban detr\u00e1s del bal\u00f3n ovalado, aquel grupo de madres (todas ellas mayores de 35 a\u00f1os) se pregunt\u00f3: Seguir leyendo&#8230;<\/p>\n","protected":false},"author":0,"featured_media":6888,"comment_status":"","ping_status":"","sticky":false,"template":"","format":"standard","meta":{"_et_pb_use_builder":"","_et_pb_old_content":"","_et_gb_content_width":"","footnotes":""},"categories":[1],"tags":[],"class_list":["post-6887","post","type-post","status-publish","format-standard","has-post-thumbnail","hentry","category-blog","et-has-post-format-content","et_post_format-et-post-format-standard"],"_links":{"self":[{"href":"https:\/\/trayectoriadeportiva.com\/index.php\/wp-json\/wp\/v2\/posts\/6887","targetHints":{"allow":["GET"]}}],"collection":[{"href":"https:\/\/trayectoriadeportiva.com\/index.php\/wp-json\/wp\/v2\/posts"}],"about":[{"href":"https:\/\/trayectoriadeportiva.com\/index.php\/wp-json\/wp\/v2\/types\/post"}],"replies":[{"embeddable":true,"href":"https:\/\/trayectoriadeportiva.com\/index.php\/wp-json\/wp\/v2\/comments?post=6887"}],"version-history":[{"count":0,"href":"https:\/\/trayectoriadeportiva.com\/index.php\/wp-json\/wp\/v2\/posts\/6887\/revisions"}],"wp:featuredmedia":[{"embeddable":true,"href":"https:\/\/trayectoriadeportiva.com\/index.php\/wp-json\/wp\/v2\/media\/6888"}],"wp:attachment":[{"href":"https:\/\/trayectoriadeportiva.com\/index.php\/wp-json\/wp\/v2\/media?parent=6887"}],"wp:term":[{"taxonomy":"category","embeddable":true,"href":"https:\/\/trayectoriadeportiva.com\/index.php\/wp-json\/wp\/v2\/categories?post=6887"},{"taxonomy":"post_tag","embeddable":true,"href":"https:\/\/trayectoriadeportiva.com\/index.php\/wp-json\/wp\/v2\/tags?post=6887"}],"curies":[{"name":"wp","href":"https:\/\/api.w.org\/{rel}","templated":true}]}}