{"id":6899,"date":"2024-02-07T11:34:17","date_gmt":"2024-02-07T11:34:17","guid":{"rendered":"https:\/\/trayectoriadeportiva.com\/index.php\/2024\/02\/07\/sin-perdon-para-vitor-roque\/"},"modified":"2024-02-07T11:34:17","modified_gmt":"2024-02-07T11:34:17","slug":"sin-perdon-para-vitor-roque","status":"publish","type":"post","link":"https:\/\/trayectoriadeportiva.com\/index.php\/2024\/02\/07\/sin-perdon-para-vitor-roque\/","title":{"rendered":"Sin perd\u00f3n para Vitor Roque"},"content":{"rendered":"<p>El Compite de Competici\u00f3n ha decidido no perdonar al delantero brasile\u00f1o del Barcelona Vitor Roque. El ente federativo ha optado por mantener la segunda tarjeta amarilla que vio en el campo del Alav\u00e9s y no atender al recurso del Bar\u00e7a. El club barcelonista acudir\u00e1 al Comit\u00e9 de Apelaci\u00f3n para que el futbolista pueda ser eximido de esa amonestaci\u00f3n y este disponible el domingo frente al Granada. En el caso de que Apelaci\u00f3n no cambiara la decisi\u00f3n de Competici\u00f3n el delantero ser\u00e1 baja para el encuentro.<\/p>\n<p><a href=\"https:\/\/www.lavanguardia.com\/deportes\/futbol\/20240207\/9514988\/perdon-vitor-roque.html\">Seguir leyendo&#8230;<\/a><\/p>","protected":false},"excerpt":{"rendered":"<p>El Compite de Competici\u00f3n ha decidido no perdonar al delantero brasile\u00f1o del Barcelona Vitor Roque. El ente federativo ha optado por mantener la segunda tarjeta amarilla que vio en el campo del Alav\u00e9s y no atender al recurso del Bar\u00e7a. El club barcelonista acudir\u00e1 al Comit\u00e9 de Apelaci\u00f3n para que el futbolista pueda ser eximido [&hellip;]<\/p>\n","protected":false},"author":0,"featured_media":6900,"comment_status":"","ping_status":"","sticky":false,"template":"","format":"standard","meta":{"_et_pb_use_builder":"","_et_pb_old_content":"","_et_gb_content_width":"","footnotes":""},"categories":[1],"tags":[],"class_list":["post-6899","post","type-post","status-publish","format-standard","has-post-thumbnail","hentry","category-blog","et-has-post-format-content","et_post_format-et-post-format-standard"],"_links":{"self":[{"href":"https:\/\/trayectoriadeportiva.com\/index.php\/wp-json\/wp\/v2\/posts\/6899","targetHints":{"allow":["GET"]}}],"collection":[{"href":"https:\/\/trayectoriadeportiva.com\/index.php\/wp-json\/wp\/v2\/posts"}],"about":[{"href":"https:\/\/trayectoriadeportiva.com\/index.php\/wp-json\/wp\/v2\/types\/post"}],"replies":[{"embeddable":true,"href":"https:\/\/trayectoriadeportiva.com\/index.php\/wp-json\/wp\/v2\/comments?post=6899"}],"version-history":[{"count":0,"href":"https:\/\/trayectoriadeportiva.com\/index.php\/wp-json\/wp\/v2\/posts\/6899\/revisions"}],"wp:featuredmedia":[{"embeddable":true,"href":"https:\/\/trayectoriadeportiva.com\/index.php\/wp-json\/wp\/v2\/media\/6900"}],"wp:attachment":[{"href":"https:\/\/trayectoriadeportiva.com\/index.php\/wp-json\/wp\/v2\/media?parent=6899"}],"wp:term":[{"taxonomy":"category","embeddable":true,"href":"https:\/\/trayectoriadeportiva.com\/index.php\/wp-json\/wp\/v2\/categories?post=6899"},{"taxonomy":"post_tag","embeddable":true,"href":"https:\/\/trayectoriadeportiva.com\/index.php\/wp-json\/wp\/v2\/tags?post=6899"}],"curies":[{"name":"wp","href":"https:\/\/api.w.org\/{rel}","templated":true}]}}