{"id":6920,"date":"2024-02-08T06:00:00","date_gmt":"2024-02-08T06:00:00","guid":{"rendered":"https:\/\/trayectoriadeportiva.com\/index.php\/2024\/02\/08\/lo-siento-no-me-gusta-el-var\/"},"modified":"2024-02-08T06:00:00","modified_gmt":"2024-02-08T06:00:00","slug":"lo-siento-no-me-gusta-el-var","status":"publish","type":"post","link":"https:\/\/trayectoriadeportiva.com\/index.php\/2024\/02\/08\/lo-siento-no-me-gusta-el-var\/","title":{"rendered":"Lo siento: no me gusta el VAR"},"content":{"rendered":"<p>Hace dos domingos, ante seis mil espectadores y en t\u00e9rminos antiguos, el CE Europa fue atracado en el campo de su nuevo eterno rival, la UE Sant Andreu. El colegiado pit\u00f3 un penalti injusto \u2013el bal\u00f3n no dio en la mano sino en el est\u00f3mago\u2013 y dej\u00f3 de se\u00f1alar otro por derribo del portero local. Sucede que en Segunda RFEF no hay VAR y sin VAR apenas hay tiempo de recrearse en los errores arbitrales. El f\u00fatbol imperfecto sigue y aqu\u00ed paz y despu\u00e9s gloria (no les niego que a esta benevolencia contribuye la victoria del Europa, a pesar de todo).<\/p>\n<p><a href=\"https:\/\/www.lavanguardia.com\/deportes\/futbol\/20240208\/9515351\/siento-no-me-gusta-var.html\">Seguir leyendo&#8230;<\/a><\/p>","protected":false},"excerpt":{"rendered":"<p>Hace dos domingos, ante seis mil espectadores y en t\u00e9rminos antiguos, el CE Europa fue atracado en el campo de su nuevo eterno rival, la UE Sant Andreu. El colegiado pit\u00f3 un penalti injusto \u2013el bal\u00f3n no dio en la mano sino en el est\u00f3mago\u2013 y dej\u00f3 de se\u00f1alar otro por derribo del portero local. [&hellip;]<\/p>\n","protected":false},"author":0,"featured_media":6921,"comment_status":"","ping_status":"","sticky":false,"template":"","format":"standard","meta":{"_et_pb_use_builder":"","_et_pb_old_content":"","_et_gb_content_width":"","footnotes":""},"categories":[1],"tags":[],"class_list":["post-6920","post","type-post","status-publish","format-standard","has-post-thumbnail","hentry","category-blog","et-has-post-format-content","et_post_format-et-post-format-standard"],"_links":{"self":[{"href":"https:\/\/trayectoriadeportiva.com\/index.php\/wp-json\/wp\/v2\/posts\/6920","targetHints":{"allow":["GET"]}}],"collection":[{"href":"https:\/\/trayectoriadeportiva.com\/index.php\/wp-json\/wp\/v2\/posts"}],"about":[{"href":"https:\/\/trayectoriadeportiva.com\/index.php\/wp-json\/wp\/v2\/types\/post"}],"replies":[{"embeddable":true,"href":"https:\/\/trayectoriadeportiva.com\/index.php\/wp-json\/wp\/v2\/comments?post=6920"}],"version-history":[{"count":0,"href":"https:\/\/trayectoriadeportiva.com\/index.php\/wp-json\/wp\/v2\/posts\/6920\/revisions"}],"wp:featuredmedia":[{"embeddable":true,"href":"https:\/\/trayectoriadeportiva.com\/index.php\/wp-json\/wp\/v2\/media\/6921"}],"wp:attachment":[{"href":"https:\/\/trayectoriadeportiva.com\/index.php\/wp-json\/wp\/v2\/media?parent=6920"}],"wp:term":[{"taxonomy":"category","embeddable":true,"href":"https:\/\/trayectoriadeportiva.com\/index.php\/wp-json\/wp\/v2\/categories?post=6920"},{"taxonomy":"post_tag","embeddable":true,"href":"https:\/\/trayectoriadeportiva.com\/index.php\/wp-json\/wp\/v2\/tags?post=6920"}],"curies":[{"name":"wp","href":"https:\/\/api.w.org\/{rel}","templated":true}]}}