{"id":7152,"date":"2024-02-11T22:35:32","date_gmt":"2024-02-11T22:35:32","guid":{"rendered":"https:\/\/trayectoriadeportiva.com\/index.php\/2024\/02\/11\/muere-kelvin-kiptum-plusmarquista-mundial-de-maraton-en-un-accidente-de-coche\/"},"modified":"2024-02-11T22:35:32","modified_gmt":"2024-02-11T22:35:32","slug":"muere-kelvin-kiptum-plusmarquista-mundial-de-maraton-en-un-accidente-de-coche","status":"publish","type":"post","link":"https:\/\/trayectoriadeportiva.com\/index.php\/2024\/02\/11\/muere-kelvin-kiptum-plusmarquista-mundial-de-maraton-en-un-accidente-de-coche\/","title":{"rendered":"Muere Kelvin Kiptum, plusmarquista mundial de marat\u00f3n, en un accidente de coche"},"content":{"rendered":"<p>En estos \u00faltimos tiempos, la desgracia y el \u00e9xito se conjugan grotescamente en el atletismo keniano: de la misma manera que se multiplican sus \u00e9xitos en las pruebas de fondo y mediofondo, se lamentan los infortunios de sus corredores, muchos de ellos lastrados por el estigma del dopaje; otros, por inesperadas muertes.<\/p>\n<p><a href=\"https:\/\/www.lavanguardia.com\/deportes\/otros-deportes\/20240211\/9517970\/kelvin-kiptum-maraton-kenia-muerte.html\">Seguir leyendo&#8230;<\/a><\/p>","protected":false},"excerpt":{"rendered":"<p>En estos \u00faltimos tiempos, la desgracia y el \u00e9xito se conjugan grotescamente en el atletismo keniano: de la misma manera que se multiplican sus \u00e9xitos en las pruebas de fondo y mediofondo, se lamentan los infortunios de sus corredores, muchos de ellos lastrados por el estigma del dopaje; otros, por inesperadas muertes. Seguir leyendo&#8230;<\/p>\n","protected":false},"author":0,"featured_media":7153,"comment_status":"","ping_status":"","sticky":false,"template":"","format":"standard","meta":{"_et_pb_use_builder":"","_et_pb_old_content":"","_et_gb_content_width":"","footnotes":""},"categories":[1],"tags":[],"class_list":["post-7152","post","type-post","status-publish","format-standard","has-post-thumbnail","hentry","category-blog","et-has-post-format-content","et_post_format-et-post-format-standard"],"_links":{"self":[{"href":"https:\/\/trayectoriadeportiva.com\/index.php\/wp-json\/wp\/v2\/posts\/7152","targetHints":{"allow":["GET"]}}],"collection":[{"href":"https:\/\/trayectoriadeportiva.com\/index.php\/wp-json\/wp\/v2\/posts"}],"about":[{"href":"https:\/\/trayectoriadeportiva.com\/index.php\/wp-json\/wp\/v2\/types\/post"}],"replies":[{"embeddable":true,"href":"https:\/\/trayectoriadeportiva.com\/index.php\/wp-json\/wp\/v2\/comments?post=7152"}],"version-history":[{"count":0,"href":"https:\/\/trayectoriadeportiva.com\/index.php\/wp-json\/wp\/v2\/posts\/7152\/revisions"}],"wp:featuredmedia":[{"embeddable":true,"href":"https:\/\/trayectoriadeportiva.com\/index.php\/wp-json\/wp\/v2\/media\/7153"}],"wp:attachment":[{"href":"https:\/\/trayectoriadeportiva.com\/index.php\/wp-json\/wp\/v2\/media?parent=7152"}],"wp:term":[{"taxonomy":"category","embeddable":true,"href":"https:\/\/trayectoriadeportiva.com\/index.php\/wp-json\/wp\/v2\/categories?post=7152"},{"taxonomy":"post_tag","embeddable":true,"href":"https:\/\/trayectoriadeportiva.com\/index.php\/wp-json\/wp\/v2\/tags?post=7152"}],"curies":[{"name":"wp","href":"https:\/\/api.w.org\/{rel}","templated":true}]}}