{"id":7244,"date":"2024-02-14T05:00:00","date_gmt":"2024-02-14T05:00:00","guid":{"rendered":"https:\/\/trayectoriadeportiva.com\/index.php\/2024\/02\/14\/la-plantilla-del-barca-pidio-una-prima-por-la-supercopa\/"},"modified":"2024-02-14T05:00:00","modified_gmt":"2024-02-14T05:00:00","slug":"la-plantilla-del-barca-pidio-una-prima-por-la-supercopa","status":"publish","type":"post","link":"https:\/\/trayectoriadeportiva.com\/index.php\/2024\/02\/14\/la-plantilla-del-barca-pidio-una-prima-por-la-supercopa\/","title":{"rendered":"La plantilla del Bar\u00e7a pidi\u00f3 una prima por la Supercopa"},"content":{"rendered":"<p>El pasado 14 de enero, el FC Barcelona no logr\u00f3 revalidar el t\u00edtulo de supercampe\u00f3n de Espa\u00f1a. Fue en Arabia Saud\u00ed, cuando, con un triplete de Vin\u00edcius, el Real Madrid venci\u00f3 (4-1) a los blaugrana y consigui\u00f3 su decimotercer t\u00edtulo de la competici\u00f3n. El equipo blanco recibi\u00f3 de la Federaci\u00f3n 5,1 millones por ganar el trofeo.<\/p>\n<p><a href=\"https:\/\/www.lavanguardia.com\/deportes\/20240214\/9519579\/plantilla-pidio-prima-supercopa-barca-barcelona.html\">Seguir leyendo&#8230;<\/a><\/p>","protected":false},"excerpt":{"rendered":"<p>El pasado 14 de enero, el FC Barcelona no logr\u00f3 revalidar el t\u00edtulo de supercampe\u00f3n de Espa\u00f1a. Fue en Arabia Saud\u00ed, cuando, con un triplete de Vin\u00edcius, el Real Madrid venci\u00f3 (4-1) a los blaugrana y consigui\u00f3 su decimotercer t\u00edtulo de la competici\u00f3n. El equipo blanco recibi\u00f3 de la Federaci\u00f3n 5,1 millones por ganar el [&hellip;]<\/p>\n","protected":false},"author":0,"featured_media":7245,"comment_status":"","ping_status":"","sticky":false,"template":"","format":"standard","meta":{"_et_pb_use_builder":"","_et_pb_old_content":"","_et_gb_content_width":"","footnotes":""},"categories":[1],"tags":[],"class_list":["post-7244","post","type-post","status-publish","format-standard","has-post-thumbnail","hentry","category-blog","et-has-post-format-content","et_post_format-et-post-format-standard"],"_links":{"self":[{"href":"https:\/\/trayectoriadeportiva.com\/index.php\/wp-json\/wp\/v2\/posts\/7244","targetHints":{"allow":["GET"]}}],"collection":[{"href":"https:\/\/trayectoriadeportiva.com\/index.php\/wp-json\/wp\/v2\/posts"}],"about":[{"href":"https:\/\/trayectoriadeportiva.com\/index.php\/wp-json\/wp\/v2\/types\/post"}],"replies":[{"embeddable":true,"href":"https:\/\/trayectoriadeportiva.com\/index.php\/wp-json\/wp\/v2\/comments?post=7244"}],"version-history":[{"count":0,"href":"https:\/\/trayectoriadeportiva.com\/index.php\/wp-json\/wp\/v2\/posts\/7244\/revisions"}],"wp:featuredmedia":[{"embeddable":true,"href":"https:\/\/trayectoriadeportiva.com\/index.php\/wp-json\/wp\/v2\/media\/7245"}],"wp:attachment":[{"href":"https:\/\/trayectoriadeportiva.com\/index.php\/wp-json\/wp\/v2\/media?parent=7244"}],"wp:term":[{"taxonomy":"category","embeddable":true,"href":"https:\/\/trayectoriadeportiva.com\/index.php\/wp-json\/wp\/v2\/categories?post=7244"},{"taxonomy":"post_tag","embeddable":true,"href":"https:\/\/trayectoriadeportiva.com\/index.php\/wp-json\/wp\/v2\/tags?post=7244"}],"curies":[{"name":"wp","href":"https:\/\/api.w.org\/{rel}","templated":true}]}}