{"id":7268,"date":"2024-02-14T13:30:20","date_gmt":"2024-02-14T13:30:20","guid":{"rendered":"https:\/\/trayectoriadeportiva.com\/index.php\/2024\/02\/14\/quincy-promes-ex-del-sevilla-condenado-a-seis-anos-de-prision-por-trafico-de-drogas\/"},"modified":"2024-02-14T13:30:20","modified_gmt":"2024-02-14T13:30:20","slug":"quincy-promes-ex-del-sevilla-condenado-a-seis-anos-de-prision-por-trafico-de-drogas","status":"publish","type":"post","link":"https:\/\/trayectoriadeportiva.com\/index.php\/2024\/02\/14\/quincy-promes-ex-del-sevilla-condenado-a-seis-anos-de-prision-por-trafico-de-drogas\/","title":{"rendered":"Quincy Promes, ex del Sevilla, condenado a seis a\u00f1os de prisi\u00f3n por tr\u00e1fico de drogas"},"content":{"rendered":"<p><span>Quincy Promes, actual jugador del Spartak de Mosc\u00fa y exfutbolista del Sevilla, ha sido condenado a seis a\u00f1os de prisi\u00f3n por su implicaci\u00f3n en el tr\u00e1fico de aproximadamente 1.360 kilos de coca\u00edna en dos cargamentos que viajaron desde Brasil hacia el puerto belga de Amberes en enero de 2020,\u00a0seg\u00fan inform\u00f3 este mi\u00e9rcoles el Tribunal de Distrito de \u00c1msterdam.<\/span><\/p>\n<p><a href=\"https:\/\/www.lavanguardia.com\/deportes\/futbol\/20240214\/9520089\/quincy-promes-ex-sevilla-condenado-seis-anos-prision-trafico-drogas.html\">Seguir leyendo&#8230;<\/a><\/p>","protected":false},"excerpt":{"rendered":"<p>Quincy Promes, actual jugador del Spartak de Mosc\u00fa y exfutbolista del Sevilla, ha sido condenado a seis a\u00f1os de prisi\u00f3n por su implicaci\u00f3n en el tr\u00e1fico de aproximadamente 1.360 kilos de coca\u00edna en dos cargamentos que viajaron desde Brasil hacia el puerto belga de Amberes en enero de 2020,\u00a0seg\u00fan inform\u00f3 este mi\u00e9rcoles el Tribunal de [&hellip;]<\/p>\n","protected":false},"author":0,"featured_media":7269,"comment_status":"","ping_status":"","sticky":false,"template":"","format":"standard","meta":{"_et_pb_use_builder":"","_et_pb_old_content":"","_et_gb_content_width":"","footnotes":""},"categories":[1],"tags":[],"class_list":["post-7268","post","type-post","status-publish","format-standard","has-post-thumbnail","hentry","category-blog","et-has-post-format-content","et_post_format-et-post-format-standard"],"_links":{"self":[{"href":"https:\/\/trayectoriadeportiva.com\/index.php\/wp-json\/wp\/v2\/posts\/7268","targetHints":{"allow":["GET"]}}],"collection":[{"href":"https:\/\/trayectoriadeportiva.com\/index.php\/wp-json\/wp\/v2\/posts"}],"about":[{"href":"https:\/\/trayectoriadeportiva.com\/index.php\/wp-json\/wp\/v2\/types\/post"}],"replies":[{"embeddable":true,"href":"https:\/\/trayectoriadeportiva.com\/index.php\/wp-json\/wp\/v2\/comments?post=7268"}],"version-history":[{"count":0,"href":"https:\/\/trayectoriadeportiva.com\/index.php\/wp-json\/wp\/v2\/posts\/7268\/revisions"}],"wp:featuredmedia":[{"embeddable":true,"href":"https:\/\/trayectoriadeportiva.com\/index.php\/wp-json\/wp\/v2\/media\/7269"}],"wp:attachment":[{"href":"https:\/\/trayectoriadeportiva.com\/index.php\/wp-json\/wp\/v2\/media?parent=7268"}],"wp:term":[{"taxonomy":"category","embeddable":true,"href":"https:\/\/trayectoriadeportiva.com\/index.php\/wp-json\/wp\/v2\/categories?post=7268"},{"taxonomy":"post_tag","embeddable":true,"href":"https:\/\/trayectoriadeportiva.com\/index.php\/wp-json\/wp\/v2\/tags?post=7268"}],"curies":[{"name":"wp","href":"https:\/\/api.w.org\/{rel}","templated":true}]}}