{"id":7298,"date":"2024-02-14T22:55:30","date_gmt":"2024-02-14T22:55:30","guid":{"rendered":"https:\/\/trayectoriadeportiva.com\/index.php\/2024\/02\/14\/luis-enrique-que-sufrimiento-no-quiero-ni-pensar-en-la-vuelta-en-san-sebastian\/"},"modified":"2024-02-14T22:55:30","modified_gmt":"2024-02-14T22:55:30","slug":"luis-enrique-que-sufrimiento-no-quiero-ni-pensar-en-la-vuelta-en-san-sebastian","status":"publish","type":"post","link":"https:\/\/trayectoriadeportiva.com\/index.php\/2024\/02\/14\/luis-enrique-que-sufrimiento-no-quiero-ni-pensar-en-la-vuelta-en-san-sebastian\/","title":{"rendered":"Luis Enrique: &#8220;\u00a1Qu\u00e9 sufrimiento! No quiero ni pensar en la vuelta en San Sebasti\u00e1n&#8221;"},"content":{"rendered":"<p>El PSG se llev\u00f3 el primer asalto de la eliminatoria de octavos de la Champions ante la Real Sociedad, pero a los franceses les toc\u00f3 sufrir, sobre todo en la primera parte, y trabajar hasta la saciedad para llevarse el triunfo ante los vascos en el Parque de los Pr\u00edncipes. El entrenador de los parisinos, Luis Enrique, admiti\u00f3 lo mal que lo pas\u00f3 por el buen hacer de los de Alguacil.<\/p>\n<p><a href=\"https:\/\/www.lavanguardia.com\/deportes\/futbol\/20240214\/9520598\/luis-enrique-que-sufrimiento-psg-real-sociedad-reacciones-octavos-champions.html\">Seguir leyendo&#8230;<\/a><\/p>","protected":false},"excerpt":{"rendered":"<p>El PSG se llev\u00f3 el primer asalto de la eliminatoria de octavos de la Champions ante la Real Sociedad, pero a los franceses les toc\u00f3 sufrir, sobre todo en la primera parte, y trabajar hasta la saciedad para llevarse el triunfo ante los vascos en el Parque de los Pr\u00edncipes. El entrenador de los parisinos, [&hellip;]<\/p>\n","protected":false},"author":0,"featured_media":7299,"comment_status":"","ping_status":"","sticky":false,"template":"","format":"standard","meta":{"_et_pb_use_builder":"","_et_pb_old_content":"","_et_gb_content_width":"","footnotes":""},"categories":[1],"tags":[],"class_list":["post-7298","post","type-post","status-publish","format-standard","has-post-thumbnail","hentry","category-blog","et-has-post-format-content","et_post_format-et-post-format-standard"],"_links":{"self":[{"href":"https:\/\/trayectoriadeportiva.com\/index.php\/wp-json\/wp\/v2\/posts\/7298","targetHints":{"allow":["GET"]}}],"collection":[{"href":"https:\/\/trayectoriadeportiva.com\/index.php\/wp-json\/wp\/v2\/posts"}],"about":[{"href":"https:\/\/trayectoriadeportiva.com\/index.php\/wp-json\/wp\/v2\/types\/post"}],"replies":[{"embeddable":true,"href":"https:\/\/trayectoriadeportiva.com\/index.php\/wp-json\/wp\/v2\/comments?post=7298"}],"version-history":[{"count":0,"href":"https:\/\/trayectoriadeportiva.com\/index.php\/wp-json\/wp\/v2\/posts\/7298\/revisions"}],"wp:featuredmedia":[{"embeddable":true,"href":"https:\/\/trayectoriadeportiva.com\/index.php\/wp-json\/wp\/v2\/media\/7299"}],"wp:attachment":[{"href":"https:\/\/trayectoriadeportiva.com\/index.php\/wp-json\/wp\/v2\/media?parent=7298"}],"wp:term":[{"taxonomy":"category","embeddable":true,"href":"https:\/\/trayectoriadeportiva.com\/index.php\/wp-json\/wp\/v2\/categories?post=7298"},{"taxonomy":"post_tag","embeddable":true,"href":"https:\/\/trayectoriadeportiva.com\/index.php\/wp-json\/wp\/v2\/tags?post=7298"}],"curies":[{"name":"wp","href":"https:\/\/api.w.org\/{rel}","templated":true}]}}