{"id":7304,"date":"2024-02-14T23:29:06","date_gmt":"2024-02-14T23:29:06","guid":{"rendered":"https:\/\/trayectoriadeportiva.com\/index.php\/2024\/02\/14\/muere-joan-casals-el-historico-avi-del-barca-a-los-90-anos\/"},"modified":"2024-02-14T23:29:06","modified_gmt":"2024-02-14T23:29:06","slug":"muere-joan-casals-el-historico-avi-del-barca-a-los-90-anos","status":"publish","type":"post","link":"https:\/\/trayectoriadeportiva.com\/index.php\/2024\/02\/14\/muere-joan-casals-el-historico-avi-del-barca-a-los-90-anos\/","title":{"rendered":"Muere Joan Casals, el hist\u00f3rico Avi del Bar\u00e7a, a los 90 a\u00f1os"},"content":{"rendered":"<p>El catal\u00e1n Joan Casals, para muchos el hist\u00f3rico Avi del Bar\u00e7a, ha fallecido este mi\u00e9rcoles a los 90 a\u00f1os de edad.\u00a0<\/p>\n<p><a href=\"https:\/\/www.lavanguardia.com\/deportes\/fc-barcelona\/20240215\/9520601\/muere-joan-casals-historico-avi-barca-90-anos.html\">Seguir leyendo&#8230;<\/a><\/p>","protected":false},"excerpt":{"rendered":"<p>El catal\u00e1n Joan Casals, para muchos el hist\u00f3rico Avi del Bar\u00e7a, ha fallecido este mi\u00e9rcoles a los 90 a\u00f1os de edad.\u00a0 Seguir leyendo&#8230;<\/p>\n","protected":false},"author":0,"featured_media":7305,"comment_status":"","ping_status":"","sticky":false,"template":"","format":"standard","meta":{"_et_pb_use_builder":"","_et_pb_old_content":"","_et_gb_content_width":"","footnotes":""},"categories":[1],"tags":[],"class_list":["post-7304","post","type-post","status-publish","format-standard","has-post-thumbnail","hentry","category-blog","et-has-post-format-content","et_post_format-et-post-format-standard"],"_links":{"self":[{"href":"https:\/\/trayectoriadeportiva.com\/index.php\/wp-json\/wp\/v2\/posts\/7304","targetHints":{"allow":["GET"]}}],"collection":[{"href":"https:\/\/trayectoriadeportiva.com\/index.php\/wp-json\/wp\/v2\/posts"}],"about":[{"href":"https:\/\/trayectoriadeportiva.com\/index.php\/wp-json\/wp\/v2\/types\/post"}],"replies":[{"embeddable":true,"href":"https:\/\/trayectoriadeportiva.com\/index.php\/wp-json\/wp\/v2\/comments?post=7304"}],"version-history":[{"count":0,"href":"https:\/\/trayectoriadeportiva.com\/index.php\/wp-json\/wp\/v2\/posts\/7304\/revisions"}],"wp:featuredmedia":[{"embeddable":true,"href":"https:\/\/trayectoriadeportiva.com\/index.php\/wp-json\/wp\/v2\/media\/7305"}],"wp:attachment":[{"href":"https:\/\/trayectoriadeportiva.com\/index.php\/wp-json\/wp\/v2\/media?parent=7304"}],"wp:term":[{"taxonomy":"category","embeddable":true,"href":"https:\/\/trayectoriadeportiva.com\/index.php\/wp-json\/wp\/v2\/categories?post=7304"},{"taxonomy":"post_tag","embeddable":true,"href":"https:\/\/trayectoriadeportiva.com\/index.php\/wp-json\/wp\/v2\/tags?post=7304"}],"curies":[{"name":"wp","href":"https:\/\/api.w.org\/{rel}","templated":true}]}}