{"id":7338,"date":"2024-02-15T17:35:45","date_gmt":"2024-02-15T17:35:45","guid":{"rendered":"https:\/\/trayectoriadeportiva.com\/index.php\/2024\/02\/15\/guerra-abierta-entre-el-barca-y-alexia\/"},"modified":"2024-02-15T17:35:45","modified_gmt":"2024-02-15T17:35:45","slug":"guerra-abierta-entre-el-barca-y-alexia","status":"publish","type":"post","link":"https:\/\/trayectoriadeportiva.com\/index.php\/2024\/02\/15\/guerra-abierta-entre-el-barca-y-alexia\/","title":{"rendered":"Guerra abierta entre el Bar\u00e7a y Alexia"},"content":{"rendered":"<p>Cuando Montse Tom\u00e9 anunci\u00f3 ayer la lista de las 25 convocadas para la Final Four de la Nations League un nombre reson\u00f3 por encima de todos: el de Alexia Putellas. La centrocampista blaugrana volvi\u00f3 a ser incluida en una lista de la selecci\u00f3n pese a no haber recibido todav\u00eda el alta m\u00e9dica. La capitana del Bar\u00e7a y de la selecci\u00f3n lleva fuera de los terrenos de juego desde noviembre y en diciembre se someti\u00f3 a una artroscopia en la rodilla de la que sigue recuper\u00e1ndose.<\/p>\n<p><a href=\"https:\/\/www.lavanguardia.com\/deportes\/futbol-femenino\/20240215\/9521112\/guerra-abierta-barca-alexia.html\">Seguir leyendo&#8230;<\/a><\/p>","protected":false},"excerpt":{"rendered":"<p>Cuando Montse Tom\u00e9 anunci\u00f3 ayer la lista de las 25 convocadas para la Final Four de la Nations League un nombre reson\u00f3 por encima de todos: el de Alexia Putellas. La centrocampista blaugrana volvi\u00f3 a ser incluida en una lista de la selecci\u00f3n pese a no haber recibido todav\u00eda el alta m\u00e9dica. La capitana del [&hellip;]<\/p>\n","protected":false},"author":0,"featured_media":7339,"comment_status":"","ping_status":"","sticky":false,"template":"","format":"standard","meta":{"_et_pb_use_builder":"","_et_pb_old_content":"","_et_gb_content_width":"","footnotes":""},"categories":[1],"tags":[],"class_list":["post-7338","post","type-post","status-publish","format-standard","has-post-thumbnail","hentry","category-blog","et-has-post-format-content","et_post_format-et-post-format-standard"],"_links":{"self":[{"href":"https:\/\/trayectoriadeportiva.com\/index.php\/wp-json\/wp\/v2\/posts\/7338","targetHints":{"allow":["GET"]}}],"collection":[{"href":"https:\/\/trayectoriadeportiva.com\/index.php\/wp-json\/wp\/v2\/posts"}],"about":[{"href":"https:\/\/trayectoriadeportiva.com\/index.php\/wp-json\/wp\/v2\/types\/post"}],"replies":[{"embeddable":true,"href":"https:\/\/trayectoriadeportiva.com\/index.php\/wp-json\/wp\/v2\/comments?post=7338"}],"version-history":[{"count":0,"href":"https:\/\/trayectoriadeportiva.com\/index.php\/wp-json\/wp\/v2\/posts\/7338\/revisions"}],"wp:featuredmedia":[{"embeddable":true,"href":"https:\/\/trayectoriadeportiva.com\/index.php\/wp-json\/wp\/v2\/media\/7339"}],"wp:attachment":[{"href":"https:\/\/trayectoriadeportiva.com\/index.php\/wp-json\/wp\/v2\/media?parent=7338"}],"wp:term":[{"taxonomy":"category","embeddable":true,"href":"https:\/\/trayectoriadeportiva.com\/index.php\/wp-json\/wp\/v2\/categories?post=7338"},{"taxonomy":"post_tag","embeddable":true,"href":"https:\/\/trayectoriadeportiva.com\/index.php\/wp-json\/wp\/v2\/tags?post=7338"}],"curies":[{"name":"wp","href":"https:\/\/api.w.org\/{rel}","templated":true}]}}