{"id":7356,"date":"2024-02-16T05:00:00","date_gmt":"2024-02-16T05:00:00","guid":{"rendered":"https:\/\/trayectoriadeportiva.com\/index.php\/2024\/02\/16\/coubertin-un-personaje-con-aristas\/"},"modified":"2024-02-16T05:00:00","modified_gmt":"2024-02-16T05:00:00","slug":"coubertin-un-personaje-con-aristas","status":"publish","type":"post","link":"https:\/\/trayectoriadeportiva.com\/index.php\/2024\/02\/16\/coubertin-un-personaje-con-aristas\/","title":{"rendered":"Coubertin, un personaje con aristas"},"content":{"rendered":"<p>Nacido en Par\u00eds el 1 de enero de 1863, Pierre de Coubertin ha pasado a la historia como el recuperador de los Juegos Ol\u00edmpicos. Pedagogo y deportista (destac\u00f3 en tiro con pistola), se inspir\u00f3 en el modelo de las escuelas inglesas y en las competiciones que se organizaban en la segunda mitad del siglo XIX.<\/p>\n<p><a href=\"https:\/\/www.lavanguardia.com\/deportes\/olimpiadas\/20240216\/9520863\/pierre-de-coubertin-racismo-misoginia-olimpiada.html\">Seguir leyendo&#8230;<\/a><\/p>","protected":false},"excerpt":{"rendered":"<p>Nacido en Par\u00eds el 1 de enero de 1863, Pierre de Coubertin ha pasado a la historia como el recuperador de los Juegos Ol\u00edmpicos. Pedagogo y deportista (destac\u00f3 en tiro con pistola), se inspir\u00f3 en el modelo de las escuelas inglesas y en las competiciones que se organizaban en la segunda mitad del siglo XIX. [&hellip;]<\/p>\n","protected":false},"author":0,"featured_media":7357,"comment_status":"","ping_status":"","sticky":false,"template":"","format":"standard","meta":{"_et_pb_use_builder":"","_et_pb_old_content":"","_et_gb_content_width":"","footnotes":""},"categories":[1],"tags":[],"class_list":["post-7356","post","type-post","status-publish","format-standard","has-post-thumbnail","hentry","category-blog","et-has-post-format-content","et_post_format-et-post-format-standard"],"_links":{"self":[{"href":"https:\/\/trayectoriadeportiva.com\/index.php\/wp-json\/wp\/v2\/posts\/7356","targetHints":{"allow":["GET"]}}],"collection":[{"href":"https:\/\/trayectoriadeportiva.com\/index.php\/wp-json\/wp\/v2\/posts"}],"about":[{"href":"https:\/\/trayectoriadeportiva.com\/index.php\/wp-json\/wp\/v2\/types\/post"}],"replies":[{"embeddable":true,"href":"https:\/\/trayectoriadeportiva.com\/index.php\/wp-json\/wp\/v2\/comments?post=7356"}],"version-history":[{"count":0,"href":"https:\/\/trayectoriadeportiva.com\/index.php\/wp-json\/wp\/v2\/posts\/7356\/revisions"}],"wp:featuredmedia":[{"embeddable":true,"href":"https:\/\/trayectoriadeportiva.com\/index.php\/wp-json\/wp\/v2\/media\/7357"}],"wp:attachment":[{"href":"https:\/\/trayectoriadeportiva.com\/index.php\/wp-json\/wp\/v2\/media?parent=7356"}],"wp:term":[{"taxonomy":"category","embeddable":true,"href":"https:\/\/trayectoriadeportiva.com\/index.php\/wp-json\/wp\/v2\/categories?post=7356"},{"taxonomy":"post_tag","embeddable":true,"href":"https:\/\/trayectoriadeportiva.com\/index.php\/wp-json\/wp\/v2\/tags?post=7356"}],"curies":[{"name":"wp","href":"https:\/\/api.w.org\/{rel}","templated":true}]}}