{"id":7466,"date":"2024-02-17T16:27:39","date_gmt":"2024-02-17T16:27:39","guid":{"rendered":"https:\/\/trayectoriadeportiva.com\/index.php\/2024\/02\/17\/vitor-roque-y-araujo-novedades-en-el-once-del-barca-contra-el-celta\/"},"modified":"2024-02-17T16:27:39","modified_gmt":"2024-02-17T16:27:39","slug":"vitor-roque-y-araujo-novedades-en-el-once-del-barca-contra-el-celta","status":"publish","type":"post","link":"https:\/\/trayectoriadeportiva.com\/index.php\/2024\/02\/17\/vitor-roque-y-araujo-novedades-en-el-once-del-barca-contra-el-celta\/","title":{"rendered":"Vitor Roque y Ara\u00fajo, novedades en el once del Bar\u00e7a contra el Celta"},"content":{"rendered":"<p>Xavi Hern\u00e1ndez avis\u00f3 en la previa del encuentro que no har\u00eda rotaciones contra el Celta pensando en el partido de Champions del mi\u00e9rcoles contra el N\u00e1poles, pero el entrenador del Bar\u00e7a finalmente opt\u00f3 por dar entrada a Vitor Roque en lugar de Ilkay G\u00fcndogan adem\u00e1s de la previsible novedad de Ronald Ara\u00fajo en sustituci\u00f3n de I\u00f1igo Mart\u00ednez.\u00a0<\/p>\n<p><a href=\"https:\/\/www.lavanguardia.com\/deportes\/fc-barcelona\/20240217\/9522464\/alineacion-barcelona-vitor-roque-araujo-novedades-once-celta.html\">Seguir leyendo&#8230;<\/a><\/p>","protected":false},"excerpt":{"rendered":"<p>Xavi Hern\u00e1ndez avis\u00f3 en la previa del encuentro que no har\u00eda rotaciones contra el Celta pensando en el partido de Champions del mi\u00e9rcoles contra el N\u00e1poles, pero el entrenador del Bar\u00e7a finalmente opt\u00f3 por dar entrada a Vitor Roque en lugar de Ilkay G\u00fcndogan adem\u00e1s de la previsible novedad de Ronald Ara\u00fajo en sustituci\u00f3n de [&hellip;]<\/p>\n","protected":false},"author":0,"featured_media":7467,"comment_status":"","ping_status":"","sticky":false,"template":"","format":"standard","meta":{"_et_pb_use_builder":"","_et_pb_old_content":"","_et_gb_content_width":"","footnotes":""},"categories":[1],"tags":[],"class_list":["post-7466","post","type-post","status-publish","format-standard","has-post-thumbnail","hentry","category-blog","et-has-post-format-content","et_post_format-et-post-format-standard"],"_links":{"self":[{"href":"https:\/\/trayectoriadeportiva.com\/index.php\/wp-json\/wp\/v2\/posts\/7466","targetHints":{"allow":["GET"]}}],"collection":[{"href":"https:\/\/trayectoriadeportiva.com\/index.php\/wp-json\/wp\/v2\/posts"}],"about":[{"href":"https:\/\/trayectoriadeportiva.com\/index.php\/wp-json\/wp\/v2\/types\/post"}],"replies":[{"embeddable":true,"href":"https:\/\/trayectoriadeportiva.com\/index.php\/wp-json\/wp\/v2\/comments?post=7466"}],"version-history":[{"count":0,"href":"https:\/\/trayectoriadeportiva.com\/index.php\/wp-json\/wp\/v2\/posts\/7466\/revisions"}],"wp:featuredmedia":[{"embeddable":true,"href":"https:\/\/trayectoriadeportiva.com\/index.php\/wp-json\/wp\/v2\/media\/7467"}],"wp:attachment":[{"href":"https:\/\/trayectoriadeportiva.com\/index.php\/wp-json\/wp\/v2\/media?parent=7466"}],"wp:term":[{"taxonomy":"category","embeddable":true,"href":"https:\/\/trayectoriadeportiva.com\/index.php\/wp-json\/wp\/v2\/categories?post=7466"},{"taxonomy":"post_tag","embeddable":true,"href":"https:\/\/trayectoriadeportiva.com\/index.php\/wp-json\/wp\/v2\/tags?post=7466"}],"curies":[{"name":"wp","href":"https:\/\/api.w.org\/{rel}","templated":true}]}}