{"id":755,"date":"2023-10-03T11:08:30","date_gmt":"2023-10-03T11:08:30","guid":{"rendered":"https:\/\/trayectoriadeportiva.com\/index.php\/2023\/10\/03\/el-desafio-de-ibrahimovic-a-guardiola-me-presente-con-mi-puto-ferrari\/"},"modified":"2023-10-03T11:08:30","modified_gmt":"2023-10-03T11:08:30","slug":"el-desafio-de-ibrahimovic-a-guardiola-me-presente-con-mi-puto-ferrari","status":"publish","type":"post","link":"https:\/\/trayectoriadeportiva.com\/index.php\/2023\/10\/03\/el-desafio-de-ibrahimovic-a-guardiola-me-presente-con-mi-puto-ferrari\/","title":{"rendered":"El desaf\u00edo de Ibrahimovic a Guardiola: &#8220;Me present\u00e9 con mi puto Ferrari\u201d"},"content":{"rendered":"<p>Zlatan Ibrahimovic ha dejado varios titulares en el avance de la entrevista \u201csin censura\u201d que le ha realizado Piers Morgan, periodista que entrevist\u00f3 en noviembre de 2022 a   <a href=\"https:\/\/www.lavanguardia.com\/https:\/\/www.lavanguardia.com\/deportes\/futbol\/20221122\/8617711\/cristiano-rolando-abandona-manchester-united-forma-inmediata-equipo.html#:~:text=%22Tras%20las%20conversaciones%20con%20el,mejor%20al%20United%E2%80%9D%2C%20expres%C3%B3..html\">Cristiano Ronaldo tras el adi\u00f3s del portugu\u00e9s del Manchester United <\/a>y que recientemente hizo lo propio con <a href=\"https:\/\/www.lavanguardia.com\/https:\/\/www.lavanguardia.com\/deportes\/futbol\/20230910\/9217843\/rubiales-anuncia-renuncia-cargo-cargando-instituciones.html.html\">Luis Rubiales<\/a> y la dimisi\u00f3n del expresidente de la Real Federaci\u00f3n Espa\u00f1ola de F\u00fatbol. El sueco de 42 a\u00f1os, que se retir\u00f3 del f\u00fatbol profesional en junio de 2023, ha repasado varios temas que abarcan desde la posibilidad de ser actor hasta su tensa relaci\u00f3n con Pep Guardiola.<\/p>\n<p><a href=\"https:\/\/www.lavanguardia.com\/deportes\/futbol\/20231003\/9271486\/ibrahimovic-guardiola-me-presente-mi-puto-ferrari.html\">Seguir leyendo&#8230;<\/a><\/p>","protected":false},"excerpt":{"rendered":"<p>Zlatan Ibrahimovic ha dejado varios titulares en el avance de la entrevista \u201csin censura\u201d que le ha realizado Piers Morgan, periodista que entrevist\u00f3 en noviembre de 2022 a Cristiano Ronaldo tras el adi\u00f3s del portugu\u00e9s del Manchester United y que recientemente hizo lo propio con Luis Rubiales y la dimisi\u00f3n del expresidente de la Real [&hellip;]<\/p>\n","protected":false},"author":0,"featured_media":756,"comment_status":"","ping_status":"","sticky":false,"template":"","format":"standard","meta":{"_et_pb_use_builder":"","_et_pb_old_content":"","_et_gb_content_width":"","footnotes":""},"categories":[1],"tags":[],"class_list":["post-755","post","type-post","status-publish","format-standard","has-post-thumbnail","hentry","category-blog","et-has-post-format-content","et_post_format-et-post-format-standard"],"_links":{"self":[{"href":"https:\/\/trayectoriadeportiva.com\/index.php\/wp-json\/wp\/v2\/posts\/755","targetHints":{"allow":["GET"]}}],"collection":[{"href":"https:\/\/trayectoriadeportiva.com\/index.php\/wp-json\/wp\/v2\/posts"}],"about":[{"href":"https:\/\/trayectoriadeportiva.com\/index.php\/wp-json\/wp\/v2\/types\/post"}],"replies":[{"embeddable":true,"href":"https:\/\/trayectoriadeportiva.com\/index.php\/wp-json\/wp\/v2\/comments?post=755"}],"version-history":[{"count":0,"href":"https:\/\/trayectoriadeportiva.com\/index.php\/wp-json\/wp\/v2\/posts\/755\/revisions"}],"wp:featuredmedia":[{"embeddable":true,"href":"https:\/\/trayectoriadeportiva.com\/index.php\/wp-json\/wp\/v2\/media\/756"}],"wp:attachment":[{"href":"https:\/\/trayectoriadeportiva.com\/index.php\/wp-json\/wp\/v2\/media?parent=755"}],"wp:term":[{"taxonomy":"category","embeddable":true,"href":"https:\/\/trayectoriadeportiva.com\/index.php\/wp-json\/wp\/v2\/categories?post=755"},{"taxonomy":"post_tag","embeddable":true,"href":"https:\/\/trayectoriadeportiva.com\/index.php\/wp-json\/wp\/v2\/tags?post=755"}],"curies":[{"name":"wp","href":"https:\/\/api.w.org\/{rel}","templated":true}]}}